{"id":22178,"date":"2025-08-21T21:23:09","date_gmt":"2025-08-22T03:23:09","guid":{"rendered":"https:\/\/cronicadesoledad.com\/?p=22178"},"modified":"2025-08-21T21:23:09","modified_gmt":"2025-08-22T03:23:09","slug":"feria-de-empleo-para-la-juventud-llego-a-soledad-con-mas-de-700-espacios-laborales","status":"publish","type":"post","link":"https:\/\/cronicadesoledad.com\/index.php\/2025\/08\/21\/feria-de-empleo-para-la-juventud-llego-a-soledad-con-mas-de-700-espacios-laborales\/","title":{"rendered":"Feria de Empleo para la Juventud lleg\u00f3 a Soledad con m\u00e1s de 700 espacios laborales"},"content":{"rendered":"\n<p>La <strong>Feria Nacional del Empleo para las Juventudes 2025<\/strong> se llev\u00f3 a cabo en la plaza principal de Soledad de Graciano S\u00e1nchez, acercando <strong>alternativas laborales formales y con prestaciones<\/strong> a j\u00f3venes del municipio y de la zona metropolitana, como parte de la estrategia de vinculaci\u00f3n interinstitucional entre los tres niveles de gobierno.<\/p>\n\n\n\n<p>En representaci\u00f3n del alcalde <strong>Juan Manuel Navarro Mu\u00f1iz<\/strong>, el secretario general del Ayuntamiento, <strong>Benjam\u00edn P\u00e9rez \u00c1lvarez<\/strong>, destac\u00f3 que esta feria refleja \u201c<strong>un gobierno cercano a la juventud, interesado en abrir las puertas a la estabilidad econ\u00f3mica y laboral de las y los j\u00f3venes soledenses y potosinos<\/strong>\u201d.<\/p>\n\n\n\n<p>Antes de la inauguraci\u00f3n, P\u00e9rez \u00c1lvarez reconoci\u00f3 la participaci\u00f3n de las <strong>25 empresas<\/strong> que ofertaron plazas, as\u00ed como de c\u00e1maras empresariales, cuyo respaldo fortalece el v\u00ednculo entre la juventud y el sector productivo.<\/p>\n\n\n\n<p>Por su parte, el secretario del Trabajo y Previsi\u00f3n Social del Estado, <strong>Cris\u00f3gono S\u00e1nchez Lara<\/strong>, subray\u00f3: \u201c<strong>San Luis Potos\u00ed es diferente; hemos ido al alza en ocupaci\u00f3n laboral, se ve en las estad\u00edsticas a nivel nacional<\/strong>\u201d, y recalc\u00f3 que las vacantes ofertadas incluyen todas las prestaciones de ley.<\/p>\n\n\n\n<p>Durante la jornada, decenas de j\u00f3venes y adultos acudieron a los m\u00f3dulos de empresas de los sectores <strong>industria, manufactura, comercio y servicios<\/strong>, encontrando m\u00e1s de una opci\u00f3n para mejorar sus ingresos y calidad de vida.<\/p>\n\n\n\n<p>El Gobierno municipal resalt\u00f3 que esta actividad forma parte de su plan de desarrollo social y econ\u00f3mico, impulsando la <strong>empleabilidad juvenil<\/strong> y fortaleciendo la econom\u00eda regional.<\/p>\n","protected":false},"excerpt":{"rendered":"<p>La Feria Nacional del Empleo para las Juventudes 2025 se llev\u00f3 a cabo en la plaza principal de Soledad de Graciano S\u00e1nchez, acercando alternativas laborales formales y con prestaciones a j\u00f3venes del municipio y de la zona metropolitana, como parte de la estrategia de vinculaci\u00f3n interinstitucional entre los tres niveles de gobierno. En representaci\u00f3n del [&hellip;]<\/p>\n","protected":false},"author":2,"featured_media":22179,"comment_status":"open","ping_status":"open","sticky":false,"template":"","format":"standard","meta":{"footnotes":""},"categories":[1,24,21],"tags":[223,120,294,261,27],"class_list":{"0":"post-22178","1":"post","2":"type-post","3":"status-publish","4":"format-standard","5":"has-post-thumbnail","7":"category-destacadas","8":"category-informacion-general","9":"category-tu-soledad","10":"tag-ayuntamiento-soledense","11":"tag-feria-del-empleo","12":"tag-san-luis","13":"tag-slp","14":"tag-soledad"},"_links":{"self":[{"href":"https:\/\/cronicadesoledad.com\/index.php\/wp-json\/wp\/v2\/posts\/22178","targetHints":{"allow":["GET"]}}],"collection":[{"href":"https:\/\/cronicadesoledad.com\/index.php\/wp-json\/wp\/v2\/posts"}],"about":[{"href":"https:\/\/cronicadesoledad.com\/index.php\/wp-json\/wp\/v2\/types\/post"}],"author":[{"embeddable":true,"href":"https:\/\/cronicadesoledad.com\/index.php\/wp-json\/wp\/v2\/users\/2"}],"replies":[{"embeddable":true,"href":"https:\/\/cronicadesoledad.com\/index.php\/wp-json\/wp\/v2\/comments?post=22178"}],"version-history":[{"count":1,"href":"https:\/\/cronicadesoledad.com\/index.php\/wp-json\/wp\/v2\/posts\/22178\/revisions"}],"predecessor-version":[{"id":22180,"href":"https:\/\/cronicadesoledad.com\/index.php\/wp-json\/wp\/v2\/posts\/22178\/revisions\/22180"}],"wp:featuredmedia":[{"embeddable":true,"href":"https:\/\/cronicadesoledad.com\/index.php\/wp-json\/wp\/v2\/media\/22179"}],"wp:attachment":[{"href":"https:\/\/cronicadesoledad.com\/index.php\/wp-json\/wp\/v2\/media?parent=22178"}],"wp:term":[{"taxonomy":"category","embeddable":true,"href":"https:\/\/cronicadesoledad.com\/index.php\/wp-json\/wp\/v2\/categories?post=22178"},{"taxonomy":"post_tag","embeddable":true,"href":"https:\/\/cronicadesoledad.com\/index.php\/wp-json\/wp\/v2\/tags?post=22178"}],"curies":[{"name":"wp","href":"https:\/\/api.w.org\/{rel}","templated":true}]}}