{"id":22244,"date":"2025-08-25T03:06:00","date_gmt":"2025-08-25T09:06:00","guid":{"rendered":"https:\/\/cronicadesoledad.com\/?p=22244"},"modified":"2025-08-25T01:49:33","modified_gmt":"2025-08-25T07:49:33","slug":"alistan-el-primer-informe-de-actividades","status":"publish","type":"post","link":"https:\/\/cronicadesoledad.com\/index.php\/2025\/08\/25\/alistan-el-primer-informe-de-actividades\/","title":{"rendered":"Alistan el Primer Informe de Actividades"},"content":{"rendered":"\n<p>El Gobierno Municipal de Villa de Pozos, encabezado por la Presidenta Concejal Teresa Rivera Acevedo, prepara la presentaci\u00f3n del Primer Informe de Gobierno, programado para la \u00faltima semana de septiembre. El documento y su mensaje p\u00fablico mostrar\u00e1n los avances alcanzados en obras y acciones durante los primeros meses de la administraci\u00f3n.<\/p>\n\n\n\n<p>Rivera Acevedo detall\u00f3 que el informe reflejar\u00e1 el trabajo conjunto de las direcciones municipales, cuyo esfuerzo permite atender el abandono de m\u00e1s de tres d\u00e9cadas que hab\u00eda sufrido el municipio. Asegur\u00f3 que se presentar\u00e1n resultados en infraestructura, servicios p\u00fablicos y atenci\u00f3n social, entre otros rubros prioritarios.<\/p>\n\n\n\n<p>Se destacar\u00e1n obras de pavimentaci\u00f3n, rehabilitaci\u00f3n de vialidades, modernizaci\u00f3n del alumbrado p\u00fablico y proyectos de mejora urbana, as\u00ed como el apoyo directo a las familias, acciones orientadas a mejorar la calidad de vida de los habitantes de Villa de Pozos.<\/p>\n\n\n\n<p>La Presidenta Concejal subray\u00f3 que las acciones emprendidas abarcan todas las colonias, llevando soluciones a zonas que hab\u00edan permanecido en el olvido. Se\u00f1al\u00f3 adem\u00e1s que el Primer Informe ser\u00e1 un espacio para reconocer el esfuerzo de la ciudadan\u00eda y reafirmar el compromiso de trabajar con cercan\u00eda y responsabilidad.<\/p>\n","protected":false},"excerpt":{"rendered":"<p>El Gobierno Municipal de Villa de Pozos, encabezado por la Presidenta Concejal Teresa Rivera Acevedo, prepara la presentaci\u00f3n del Primer Informe de Gobierno, programado para la \u00faltima semana de septiembre. El documento y su mensaje p\u00fablico mostrar\u00e1n los avances alcanzados en obras y acciones durante los primeros meses de la administraci\u00f3n. Rivera Acevedo detall\u00f3 que [&hellip;]<\/p>\n","protected":false},"author":2,"featured_media":22245,"comment_status":"open","ping_status":"open","sticky":false,"template":"","format":"standard","meta":{"footnotes":""},"categories":[30,1,24],"tags":[2829,4773,294,261,1068],"class_list":{"0":"post-22244","1":"post","2":"type-post","3":"status-publish","4":"format-standard","5":"has-post-thumbnail","7":"category-de-la-region-centro","8":"category-destacadas","9":"category-informacion-general","10":"tag-ayuntamiento-de-villa-de-pozos","11":"tag-informe-de-actividades","12":"tag-san-luis","13":"tag-slp","14":"tag-villa-de-pozos"},"_links":{"self":[{"href":"https:\/\/cronicadesoledad.com\/index.php\/wp-json\/wp\/v2\/posts\/22244","targetHints":{"allow":["GET"]}}],"collection":[{"href":"https:\/\/cronicadesoledad.com\/index.php\/wp-json\/wp\/v2\/posts"}],"about":[{"href":"https:\/\/cronicadesoledad.com\/index.php\/wp-json\/wp\/v2\/types\/post"}],"author":[{"embeddable":true,"href":"https:\/\/cronicadesoledad.com\/index.php\/wp-json\/wp\/v2\/users\/2"}],"replies":[{"embeddable":true,"href":"https:\/\/cronicadesoledad.com\/index.php\/wp-json\/wp\/v2\/comments?post=22244"}],"version-history":[{"count":1,"href":"https:\/\/cronicadesoledad.com\/index.php\/wp-json\/wp\/v2\/posts\/22244\/revisions"}],"predecessor-version":[{"id":22246,"href":"https:\/\/cronicadesoledad.com\/index.php\/wp-json\/wp\/v2\/posts\/22244\/revisions\/22246"}],"wp:featuredmedia":[{"embeddable":true,"href":"https:\/\/cronicadesoledad.com\/index.php\/wp-json\/wp\/v2\/media\/22245"}],"wp:attachment":[{"href":"https:\/\/cronicadesoledad.com\/index.php\/wp-json\/wp\/v2\/media?parent=22244"}],"wp:term":[{"taxonomy":"category","embeddable":true,"href":"https:\/\/cronicadesoledad.com\/index.php\/wp-json\/wp\/v2\/categories?post=22244"},{"taxonomy":"post_tag","embeddable":true,"href":"https:\/\/cronicadesoledad.com\/index.php\/wp-json\/wp\/v2\/tags?post=22244"}],"curies":[{"name":"wp","href":"https:\/\/api.w.org\/{rel}","templated":true}]}}