{"id":22269,"date":"2025-08-25T22:43:57","date_gmt":"2025-08-26T04:43:57","guid":{"rendered":"https:\/\/cronicadesoledad.com\/?p=22269"},"modified":"2025-08-25T22:43:58","modified_gmt":"2025-08-26T04:43:58","slug":"ayuntamiento-de-soledad-y-guardia-nacional-fortalecen-valores-civicos-con-honores-a-la-bandera","status":"publish","type":"post","link":"https:\/\/cronicadesoledad.com\/index.php\/2025\/08\/25\/ayuntamiento-de-soledad-y-guardia-nacional-fortalecen-valores-civicos-con-honores-a-la-bandera\/","title":{"rendered":"Ayuntamiento de Soledad y Guardia Nacional fortalecen valores c\u00edvicos con honores a la Bandera"},"content":{"rendered":"\n<p>Este lunes, en la <strong>Plaza Principal de Soledad de Graciano S\u00e1nchez<\/strong>, se llev\u00f3 a cabo la ceremonia de izamiento y honores a la <strong>Bandera Nacional<\/strong>, encabezada por el secretario general del Ayuntamiento, <strong>Benjam\u00edn P\u00e9rez \u00c1lvarez<\/strong>, y realizada por la <strong>Guardia Nacional<\/strong> como parte de sus <strong>Jornadas de Paz<\/strong>. El acto reuni\u00f3 a autoridades municipales, representantes de corporaciones de seguridad, funcionariado y ciudadan\u00eda en un espacio que promovi\u00f3 la cultura c\u00edvica y los valores de unidad e identidad nacional.<\/p>\n\n\n\n<p>En su mensaje, <strong>Benjam\u00edn P\u00e9rez \u00c1lvarez<\/strong> subray\u00f3 que este evento cobra gran significado para la comunidad soledense, al recordar la importancia de la soberan\u00eda y la solidaridad nacional. Destac\u00f3 adem\u00e1s que el <strong>Gobierno Municipal<\/strong> se suma con compromiso a las <strong>Jornadas de Paz<\/strong> impulsadas por la <strong>Guardia Nacional<\/strong>, equiparando esfuerzos en materia de prevenci\u00f3n y seguridad para el bienestar de las familias, y reiter\u00f3 que la colaboraci\u00f3n entre instituciones es fundamental para garantizar resultados s\u00f3lidos que fortalezcan la tranquilidad social.<\/p>\n\n\n\n<p>Durante la ceremonia estuvieron presentes la directora de Educaci\u00f3n Municipal, <strong>Velia Guadalupe Castro Granja<\/strong>; el comandante de la Guardia Civil Municipal, <strong>V\u00edctor Aristarco Serna Pi\u00f1a<\/strong>; <strong>Wilbert Montejo Guti\u00e9rrez<\/strong>, en representaci\u00f3n de la coordinaci\u00f3n estatal de la Guardia Nacional en San Luis Potos\u00ed; y <strong>Raymundo Espinoza<\/strong>, en representaci\u00f3n del <strong>40 Batall\u00f3n de Infanter\u00eda<\/strong>, quienes refrendaron su respaldo a las acciones conjuntas en favor de la ciudadan\u00eda.<\/p>\n\n\n\n<p>El evento tambi\u00e9n incluy\u00f3 una <strong>exhibici\u00f3n fotogr\u00e1fica<\/strong>, exposici\u00f3n de <strong>carros radiopatrulla<\/strong>, cortes de cabello gratuitos y <strong>demostraciones caninas<\/strong>, actividades que acercaron a las familias soledenses a las instituciones de seguridad y reafirmaron el compromiso de seguir trabajando de manera coordinada para consolidar un municipio seguro, con oportunidades y desarrollo.<\/p>\n","protected":false},"excerpt":{"rendered":"<p>Este lunes, en la Plaza Principal de Soledad de Graciano S\u00e1nchez, se llev\u00f3 a cabo la ceremonia de izamiento y honores a la Bandera Nacional, encabezada por el secretario general del Ayuntamiento, Benjam\u00edn P\u00e9rez \u00c1lvarez, y realizada por la Guardia Nacional como parte de sus Jornadas de Paz. El acto reuni\u00f3 a autoridades municipales, representantes [&hellip;]<\/p>\n","protected":false},"author":2,"featured_media":22270,"comment_status":"open","ping_status":"open","sticky":false,"template":"","format":"standard","meta":{"footnotes":""},"categories":[1,24,21],"tags":[223,4775,2460,4776,870,294,261,27],"class_list":{"0":"post-22269","1":"post","2":"type-post","3":"status-publish","4":"format-standard","5":"has-post-thumbnail","7":"category-destacadas","8":"category-informacion-general","9":"category-tu-soledad","10":"tag-ayuntamiento-soledense","11":"tag-bandera","12":"tag-guardia-nacional","13":"tag-honores","14":"tag-honores-a-la-bandera","15":"tag-san-luis","16":"tag-slp","17":"tag-soledad"},"_links":{"self":[{"href":"https:\/\/cronicadesoledad.com\/index.php\/wp-json\/wp\/v2\/posts\/22269","targetHints":{"allow":["GET"]}}],"collection":[{"href":"https:\/\/cronicadesoledad.com\/index.php\/wp-json\/wp\/v2\/posts"}],"about":[{"href":"https:\/\/cronicadesoledad.com\/index.php\/wp-json\/wp\/v2\/types\/post"}],"author":[{"embeddable":true,"href":"https:\/\/cronicadesoledad.com\/index.php\/wp-json\/wp\/v2\/users\/2"}],"replies":[{"embeddable":true,"href":"https:\/\/cronicadesoledad.com\/index.php\/wp-json\/wp\/v2\/comments?post=22269"}],"version-history":[{"count":1,"href":"https:\/\/cronicadesoledad.com\/index.php\/wp-json\/wp\/v2\/posts\/22269\/revisions"}],"predecessor-version":[{"id":22271,"href":"https:\/\/cronicadesoledad.com\/index.php\/wp-json\/wp\/v2\/posts\/22269\/revisions\/22271"}],"wp:featuredmedia":[{"embeddable":true,"href":"https:\/\/cronicadesoledad.com\/index.php\/wp-json\/wp\/v2\/media\/22270"}],"wp:attachment":[{"href":"https:\/\/cronicadesoledad.com\/index.php\/wp-json\/wp\/v2\/media?parent=22269"}],"wp:term":[{"taxonomy":"category","embeddable":true,"href":"https:\/\/cronicadesoledad.com\/index.php\/wp-json\/wp\/v2\/categories?post=22269"},{"taxonomy":"post_tag","embeddable":true,"href":"https:\/\/cronicadesoledad.com\/index.php\/wp-json\/wp\/v2\/tags?post=22269"}],"curies":[{"name":"wp","href":"https:\/\/api.w.org\/{rel}","templated":true}]}}