{"id":22338,"date":"2025-08-27T17:27:06","date_gmt":"2025-08-27T23:27:06","guid":{"rendered":"https:\/\/cronicadesoledad.com\/?p=22338"},"modified":"2025-08-27T17:27:07","modified_gmt":"2025-08-27T23:27:07","slug":"auxiliares-auditivos-transforman-vidas-y-fortalecen-relaciones-interpersonales-en-soledad","status":"publish","type":"post","link":"https:\/\/cronicadesoledad.com\/index.php\/2025\/08\/27\/auxiliares-auditivos-transforman-vidas-y-fortalecen-relaciones-interpersonales-en-soledad\/","title":{"rendered":"Auxiliares auditivos transforman vidas y fortalecen relaciones interpersonales en Soledad"},"content":{"rendered":"\n<p>El regalo de escuchar por primera vez se convirti\u00f3 en realidad para decenas de familias soledenses que recibieron <strong>aparatos auditivos<\/strong>, gracias a la gesti\u00f3n del Ayuntamiento de Soledad de Graciano S\u00e1nchez, a trav\u00e9s del <strong>Sistema Municipal DIF<\/strong>, en colaboraci\u00f3n con la cadena comercial <strong>OXXO<\/strong>. Para las y los beneficiarios, este apoyo representa m\u00e1s que un aparato m\u00e9dico: es la <strong>oportunidad de integrarse plenamente a la vida familiar, social y escolar<\/strong>, tal como lo instruy\u00f3 desde el inicio de su administraci\u00f3n el Alcalde Juan Manuel Navarro Mu\u00f1iz.<\/p>\n\n\n\n<p>Mario Alejandro Zavala, vecino de la colonia <strong>La Virgen<\/strong>, comparti\u00f3 con emoci\u00f3n: <em>\u201cNunca hab\u00eda tenido uno, desde que nac\u00ed me dijeron que no ten\u00eda t\u00edmpano, pero en realidad perd\u00ed la audici\u00f3n cuando me picaron el o\u00eddo con un l\u00e1piz. Esta es la primera vez que puedo escuchar n\u00edtidamente, es un beneficio muy grande porque nos cambia la vida, muchas gracias a las autoridades\u201d<\/em>.<\/p>\n\n\n\n<p>Para Rosario Rodr\u00edguez, habitante de <strong>Villas del Morro<\/strong>, el impacto es doblemente significativo: <em>\u201cEs un gran beneficio para mis dos hijos porque estos aparatos son muy costosos y ellos los necesitan para poder seguir estudiando. Es un ahorro muy grande para nuestra familia y una ayuda inmensa del DIF de Soledad. Le damos las gracias al se\u00f1or Alcalde, a la se\u00f1ora Pilar y tambi\u00e9n a la cadena Oxxo; ojal\u00e1 estos apoyos sigan para toda la gente que lo necesite\u201d<\/em>.<\/p>\n\n\n\n<p>Con estos testimonios, se confirma el <strong>sentido humano que gu\u00eda las acciones del Gobierno Municipal<\/strong>, cercano a las familias y comprometido con los sectores m\u00e1s vulnerables. La entrega de <strong>50 aparatos auditivos donados por OXXO al DIF Municipal<\/strong> marc\u00f3 un precedente de inclusi\u00f3n y bienestar en <strong>Soledad de Graciano S\u00e1nchez<\/strong>, al transformar la vida de ni\u00f1as, ni\u00f1os y adultos que ahora podr\u00e1n escuchar con claridad y reforzar sus relaciones interpersonales.<\/p>\n","protected":false},"excerpt":{"rendered":"<p>El regalo de escuchar por primera vez se convirti\u00f3 en realidad para decenas de familias soledenses que recibieron aparatos auditivos, gracias a la gesti\u00f3n del Ayuntamiento de Soledad de Graciano S\u00e1nchez, a trav\u00e9s del Sistema Municipal DIF, en colaboraci\u00f3n con la cadena comercial OXXO. Para las y los beneficiarios, este apoyo representa m\u00e1s que un [&hellip;]<\/p>\n","protected":false},"author":2,"featured_media":22336,"comment_status":"open","ping_status":"open","sticky":false,"template":"","format":"standard","meta":{"footnotes":""},"categories":[1,24,21],"tags":[223,294,261,1141,27],"class_list":{"0":"post-22338","1":"post","2":"type-post","3":"status-publish","4":"format-standard","5":"has-post-thumbnail","7":"category-destacadas","8":"category-informacion-general","9":"category-tu-soledad","10":"tag-ayuntamiento-soledense","11":"tag-san-luis","12":"tag-slp","13":"tag-smdif","14":"tag-soledad"},"_links":{"self":[{"href":"https:\/\/cronicadesoledad.com\/index.php\/wp-json\/wp\/v2\/posts\/22338","targetHints":{"allow":["GET"]}}],"collection":[{"href":"https:\/\/cronicadesoledad.com\/index.php\/wp-json\/wp\/v2\/posts"}],"about":[{"href":"https:\/\/cronicadesoledad.com\/index.php\/wp-json\/wp\/v2\/types\/post"}],"author":[{"embeddable":true,"href":"https:\/\/cronicadesoledad.com\/index.php\/wp-json\/wp\/v2\/users\/2"}],"replies":[{"embeddable":true,"href":"https:\/\/cronicadesoledad.com\/index.php\/wp-json\/wp\/v2\/comments?post=22338"}],"version-history":[{"count":1,"href":"https:\/\/cronicadesoledad.com\/index.php\/wp-json\/wp\/v2\/posts\/22338\/revisions"}],"predecessor-version":[{"id":22339,"href":"https:\/\/cronicadesoledad.com\/index.php\/wp-json\/wp\/v2\/posts\/22338\/revisions\/22339"}],"wp:featuredmedia":[{"embeddable":true,"href":"https:\/\/cronicadesoledad.com\/index.php\/wp-json\/wp\/v2\/media\/22336"}],"wp:attachment":[{"href":"https:\/\/cronicadesoledad.com\/index.php\/wp-json\/wp\/v2\/media?parent=22338"}],"wp:term":[{"taxonomy":"category","embeddable":true,"href":"https:\/\/cronicadesoledad.com\/index.php\/wp-json\/wp\/v2\/categories?post=22338"},{"taxonomy":"post_tag","embeddable":true,"href":"https:\/\/cronicadesoledad.com\/index.php\/wp-json\/wp\/v2\/tags?post=22338"}],"curies":[{"name":"wp","href":"https:\/\/api.w.org\/{rel}","templated":true}]}}