{"id":22391,"date":"2025-08-29T21:45:18","date_gmt":"2025-08-30T03:45:18","guid":{"rendered":"https:\/\/cronicadesoledad.com\/?p=22391"},"modified":"2025-08-29T21:45:19","modified_gmt":"2025-08-30T03:45:19","slug":"mandatarios-de-la-zona-metropolitana-preparan-informes-de-gobierno","status":"publish","type":"post","link":"https:\/\/cronicadesoledad.com\/index.php\/2025\/08\/29\/mandatarios-de-la-zona-metropolitana-preparan-informes-de-gobierno\/","title":{"rendered":"Mandatarios de la Zona Metropolitana preparan informes de gobierno"},"content":{"rendered":"\n<p>Los&nbsp;<strong>alcaldes de la zona metropolitana de San Luis Potos\u00ed<\/strong>&nbsp;han comenzado a definir las fechas de sus&nbsp;<strong>primeros informes de gobierno<\/strong>&nbsp;correspondientes al trienio 2024-2027.<\/p>\n\n\n\n<p>En el caso de&nbsp;<strong>Enrique Galindo Ceballos<\/strong>, presidente municipal de&nbsp;<strong>San Luis Potos\u00ed Capital<\/strong>, su informe se llevar\u00e1 a cabo el&nbsp;<strong>29 de septiembre<\/strong>, en el que dar\u00e1 a conocer los resultados de su segundo periodo al frente de la alcald\u00eda.<\/p>\n\n\n\n<p>Por su parte, el alcalde de&nbsp;<strong>Soledad de Graciano S\u00e1nchez, Juan Manuel Navarro Mu\u00f1iz<\/strong>, realizar\u00e1 su informe el pr\u00f3ximo&nbsp;<strong>25 de septiembre en el Teatro Doroteo Arango<\/strong>, donde presentar\u00e1 los avances de su administraci\u00f3n durante el primer a\u00f1o de gesti\u00f3n.<\/p>\n\n\n\n<p>En tanto, el&nbsp;<strong>Gobernador del Estado, Ricardo Gallardo Cardona<\/strong>, presentar\u00e1 dos informes como parte de su&nbsp;<strong>cuarto a\u00f1o de gobierno<\/strong>: el primero en la&nbsp;<strong>Arena Potos\u00ed<\/strong>, con fecha tentativa del&nbsp;<strong>22 de septiembre<\/strong>, y el segundo en&nbsp;<strong>Tamazunchale<\/strong>&nbsp;el&nbsp;<strong>23 de septiembre<\/strong>, con el prop\u00f3sito de informar a la ciudadan\u00eda de distintas regiones sobre el estado que guarda la administraci\u00f3n estatal.<\/p>\n","protected":false},"excerpt":{"rendered":"<p>Los&nbsp;alcaldes de la zona metropolitana de San Luis Potos\u00ed&nbsp;han comenzado a definir las fechas de sus&nbsp;primeros informes de gobierno&nbsp;correspondientes al trienio 2024-2027. En el caso de&nbsp;Enrique Galindo Ceballos, presidente municipal de&nbsp;San Luis Potos\u00ed Capital, su informe se llevar\u00e1 a cabo el&nbsp;29 de septiembre, en el que dar\u00e1 a conocer los resultados de su segundo periodo [&hellip;]<\/p>\n","protected":false},"author":2,"featured_media":22392,"comment_status":"open","ping_status":"open","sticky":false,"template":"","format":"standard","meta":{"footnotes":""},"categories":[1,24],"tags":[1412,223,1158,4777,294,261,27,2941],"class_list":{"0":"post-22391","1":"post","2":"type-post","3":"status-publish","4":"format-standard","5":"has-post-thumbnail","7":"category-destacadas","8":"category-informacion-general","9":"tag-ayuntamiento-capitalino","10":"tag-ayuntamiento-soledense","11":"tag-gobierno-del-estado","12":"tag-informes-de-gobierno","13":"tag-san-luis","14":"tag-slp","15":"tag-soledad","16":"tag-zona-metropolitana"},"_links":{"self":[{"href":"https:\/\/cronicadesoledad.com\/index.php\/wp-json\/wp\/v2\/posts\/22391","targetHints":{"allow":["GET"]}}],"collection":[{"href":"https:\/\/cronicadesoledad.com\/index.php\/wp-json\/wp\/v2\/posts"}],"about":[{"href":"https:\/\/cronicadesoledad.com\/index.php\/wp-json\/wp\/v2\/types\/post"}],"author":[{"embeddable":true,"href":"https:\/\/cronicadesoledad.com\/index.php\/wp-json\/wp\/v2\/users\/2"}],"replies":[{"embeddable":true,"href":"https:\/\/cronicadesoledad.com\/index.php\/wp-json\/wp\/v2\/comments?post=22391"}],"version-history":[{"count":1,"href":"https:\/\/cronicadesoledad.com\/index.php\/wp-json\/wp\/v2\/posts\/22391\/revisions"}],"predecessor-version":[{"id":22393,"href":"https:\/\/cronicadesoledad.com\/index.php\/wp-json\/wp\/v2\/posts\/22391\/revisions\/22393"}],"wp:featuredmedia":[{"embeddable":true,"href":"https:\/\/cronicadesoledad.com\/index.php\/wp-json\/wp\/v2\/media\/22392"}],"wp:attachment":[{"href":"https:\/\/cronicadesoledad.com\/index.php\/wp-json\/wp\/v2\/media?parent=22391"}],"wp:term":[{"taxonomy":"category","embeddable":true,"href":"https:\/\/cronicadesoledad.com\/index.php\/wp-json\/wp\/v2\/categories?post=22391"},{"taxonomy":"post_tag","embeddable":true,"href":"https:\/\/cronicadesoledad.com\/index.php\/wp-json\/wp\/v2\/tags?post=22391"}],"curies":[{"name":"wp","href":"https:\/\/api.w.org\/{rel}","templated":true}]}}