{"id":22397,"date":"2025-08-29T21:57:56","date_gmt":"2025-08-30T03:57:56","guid":{"rendered":"https:\/\/cronicadesoledad.com\/?p=22397"},"modified":"2025-08-29T21:57:57","modified_gmt":"2025-08-30T03:57:57","slug":"municipio-de-soledad-incrementa-capacidad-policial-al-recibir-patrullas-del-gobierno-estatal","status":"publish","type":"post","link":"https:\/\/cronicadesoledad.com\/index.php\/2025\/08\/29\/municipio-de-soledad-incrementa-capacidad-policial-al-recibir-patrullas-del-gobierno-estatal\/","title":{"rendered":"Municipio de Soledad incrementa capacidad policial al recibir patrullas del Gobierno Estatal"},"content":{"rendered":"\n<p>El presidente municipal <strong>Juan Manuel Navarro Mu\u00f1iz<\/strong> recibi\u00f3 este viernes tres patrullas que se suman a la flotilla vehicular destinada a reforzar la seguridad en <strong>Soledad de Graciano S\u00e1nchez<\/strong>. Las unidades forman parte de las 106 distribuidas entre 31 municipios de las cuatro regiones de <strong>San Luis Potos\u00ed<\/strong>, dentro de la estrategia integral de fortalecimiento a la seguridad implementada en la entidad.<\/p>\n\n\n\n<p>Con esta incorporaci\u00f3n, la <strong>Guardia Civil Municipal<\/strong> ampl\u00eda su capacidad de respuesta en situaciones de emergencia, auxilio y vigilancia. El fortalecimiento del parque vehicular se enmarca en la coordinaci\u00f3n entre los distintos niveles de gobierno, con el objetivo de dotar a las corporaciones policiales de equipamiento suficiente y personal preparado para atender las necesidades de la poblaci\u00f3n.<\/p>\n\n\n\n<p>De acuerdo con la administraci\u00f3n municipal, estas acciones refuerzan la presencia de la corporaci\u00f3n en calles, colonias y comunidades, contribuyendo a generar mayor confianza entre la ciudadan\u00eda. Adem\u00e1s, se destac\u00f3 que el municipio continuar\u00e1 invirtiendo en seguridad mediante mejores sueldos, capacitaciones y equipamiento para los elementos policiales.<\/p>\n\n\n\n<p>La entrega de patrullas representa un paso m\u00e1s en la estrategia conjunta entre el <strong>Gobierno del Estado<\/strong> y el <strong>Ayuntamiento de Soledad de Graciano S\u00e1nchez<\/strong>, orientada a consolidar corporaciones m\u00e1s s\u00f3lidas y cercanas a la poblaci\u00f3n, con la finalidad de garantizar un entorno de paz y seguridad en el municipio.<\/p>\n","protected":false},"excerpt":{"rendered":"<p>El presidente municipal Juan Manuel Navarro Mu\u00f1iz recibi\u00f3 este viernes tres patrullas que se suman a la flotilla vehicular destinada a reforzar la seguridad en Soledad de Graciano S\u00e1nchez. Las unidades forman parte de las 106 distribuidas entre 31 municipios de las cuatro regiones de San Luis Potos\u00ed, dentro de la estrategia integral de fortalecimiento [&hellip;]<\/p>\n","protected":false},"author":2,"featured_media":22398,"comment_status":"open","ping_status":"open","sticky":false,"template":"","format":"standard","meta":{"footnotes":""},"categories":[1,24,19,21],"tags":[223,1158,4778,294,261,27],"class_list":{"0":"post-22397","1":"post","2":"type-post","3":"status-publish","4":"format-standard","5":"has-post-thumbnail","7":"category-destacadas","8":"category-informacion-general","9":"category-seguridad","10":"category-tu-soledad","11":"tag-ayuntamiento-soledense","12":"tag-gobierno-del-estado","13":"tag-patrullas","14":"tag-san-luis","15":"tag-slp","16":"tag-soledad"},"_links":{"self":[{"href":"https:\/\/cronicadesoledad.com\/index.php\/wp-json\/wp\/v2\/posts\/22397","targetHints":{"allow":["GET"]}}],"collection":[{"href":"https:\/\/cronicadesoledad.com\/index.php\/wp-json\/wp\/v2\/posts"}],"about":[{"href":"https:\/\/cronicadesoledad.com\/index.php\/wp-json\/wp\/v2\/types\/post"}],"author":[{"embeddable":true,"href":"https:\/\/cronicadesoledad.com\/index.php\/wp-json\/wp\/v2\/users\/2"}],"replies":[{"embeddable":true,"href":"https:\/\/cronicadesoledad.com\/index.php\/wp-json\/wp\/v2\/comments?post=22397"}],"version-history":[{"count":1,"href":"https:\/\/cronicadesoledad.com\/index.php\/wp-json\/wp\/v2\/posts\/22397\/revisions"}],"predecessor-version":[{"id":22399,"href":"https:\/\/cronicadesoledad.com\/index.php\/wp-json\/wp\/v2\/posts\/22397\/revisions\/22399"}],"wp:featuredmedia":[{"embeddable":true,"href":"https:\/\/cronicadesoledad.com\/index.php\/wp-json\/wp\/v2\/media\/22398"}],"wp:attachment":[{"href":"https:\/\/cronicadesoledad.com\/index.php\/wp-json\/wp\/v2\/media?parent=22397"}],"wp:term":[{"taxonomy":"category","embeddable":true,"href":"https:\/\/cronicadesoledad.com\/index.php\/wp-json\/wp\/v2\/categories?post=22397"},{"taxonomy":"post_tag","embeddable":true,"href":"https:\/\/cronicadesoledad.com\/index.php\/wp-json\/wp\/v2\/tags?post=22397"}],"curies":[{"name":"wp","href":"https:\/\/api.w.org\/{rel}","templated":true}]}}