{"id":22410,"date":"2025-08-30T13:50:49","date_gmt":"2025-08-30T19:50:49","guid":{"rendered":"https:\/\/cronicadesoledad.com\/?p=22410"},"modified":"2025-08-30T13:50:49","modified_gmt":"2025-08-30T19:50:49","slug":"avanzan-obras-de-pavimentacion-en-bosques-de-las-flores","status":"publish","type":"post","link":"https:\/\/cronicadesoledad.com\/index.php\/2025\/08\/30\/avanzan-obras-de-pavimentacion-en-bosques-de-las-flores\/","title":{"rendered":"Avanzan obras de pavimentaci\u00f3n en Bosques de las Flores"},"content":{"rendered":"\n<p>La <strong>Presidenta Concejal de Villa de Pozos, Teresa Rivera Acevedo<\/strong>, realiz\u00f3 un recorrido de supervisi\u00f3n en la colonia <strong>Bosques de las Flores<\/strong>, donde se ejecutan obras de <strong>rehabilitaci\u00f3n vial<\/strong> como parte de las acciones municipales para fortalecer la infraestructura urbana y facilitar la movilidad de estudiantes, familias y comerciantes de la zona.<\/p>\n\n\n\n<p>Durante la visita, la autoridad constat\u00f3 los avances en la colocaci\u00f3n de carpeta asf\u00e1ltica en varios tramos estrat\u00e9gicos. Para agilizar la ejecuci\u00f3n y minimizar las afectaciones, los trabajos se desarrollan en turnos matutinos y vespertinos durante el fin de semana, con el fin de acelerar los tiempos de entrega.<\/p>\n\n\n\n<p>La supervisi\u00f3n incluy\u00f3 un di\u00e1logo directo con vecinas, vecinos y comerciantes, quienes plantearon inquietudes sobre la obra y recibieron respuestas de parte de la autoridad y del equipo t\u00e9cnico del Municipio.<\/p>\n\n\n\n<p>Estas labores forman parte del programa de mejoramiento de vialidades que busca ofrecer espacios p\u00fablicos seguros y funcionales, contribuyendo a la movilidad y a la calidad de vida en la localidad.<\/p>\n","protected":false},"excerpt":{"rendered":"<p>La Presidenta Concejal de Villa de Pozos, Teresa Rivera Acevedo, realiz\u00f3 un recorrido de supervisi\u00f3n en la colonia Bosques de las Flores, donde se ejecutan obras de rehabilitaci\u00f3n vial como parte de las acciones municipales para fortalecer la infraestructura urbana y facilitar la movilidad de estudiantes, familias y comerciantes de la zona. Durante la visita, [&hellip;]<\/p>\n","protected":false},"author":2,"featured_media":22411,"comment_status":"open","ping_status":"open","sticky":false,"template":"","format":"standard","meta":{"footnotes":""},"categories":[30,1,24],"tags":[2829,4779,294,261,1068],"class_list":{"0":"post-22410","1":"post","2":"type-post","3":"status-publish","4":"format-standard","5":"has-post-thumbnail","7":"category-de-la-region-centro","8":"category-destacadas","9":"category-informacion-general","10":"tag-ayuntamiento-de-villa-de-pozos","11":"tag-bosque-de-las-flores","12":"tag-san-luis","13":"tag-slp","14":"tag-villa-de-pozos"},"_links":{"self":[{"href":"https:\/\/cronicadesoledad.com\/index.php\/wp-json\/wp\/v2\/posts\/22410","targetHints":{"allow":["GET"]}}],"collection":[{"href":"https:\/\/cronicadesoledad.com\/index.php\/wp-json\/wp\/v2\/posts"}],"about":[{"href":"https:\/\/cronicadesoledad.com\/index.php\/wp-json\/wp\/v2\/types\/post"}],"author":[{"embeddable":true,"href":"https:\/\/cronicadesoledad.com\/index.php\/wp-json\/wp\/v2\/users\/2"}],"replies":[{"embeddable":true,"href":"https:\/\/cronicadesoledad.com\/index.php\/wp-json\/wp\/v2\/comments?post=22410"}],"version-history":[{"count":1,"href":"https:\/\/cronicadesoledad.com\/index.php\/wp-json\/wp\/v2\/posts\/22410\/revisions"}],"predecessor-version":[{"id":22412,"href":"https:\/\/cronicadesoledad.com\/index.php\/wp-json\/wp\/v2\/posts\/22410\/revisions\/22412"}],"wp:featuredmedia":[{"embeddable":true,"href":"https:\/\/cronicadesoledad.com\/index.php\/wp-json\/wp\/v2\/media\/22411"}],"wp:attachment":[{"href":"https:\/\/cronicadesoledad.com\/index.php\/wp-json\/wp\/v2\/media?parent=22410"}],"wp:term":[{"taxonomy":"category","embeddable":true,"href":"https:\/\/cronicadesoledad.com\/index.php\/wp-json\/wp\/v2\/categories?post=22410"},{"taxonomy":"post_tag","embeddable":true,"href":"https:\/\/cronicadesoledad.com\/index.php\/wp-json\/wp\/v2\/tags?post=22410"}],"curies":[{"name":"wp","href":"https:\/\/api.w.org\/{rel}","templated":true}]}}