{"id":22431,"date":"2025-09-01T01:58:15","date_gmt":"2025-09-01T07:58:15","guid":{"rendered":"https:\/\/cronicadesoledad.com\/?p=22431"},"modified":"2025-09-01T01:58:15","modified_gmt":"2025-09-01T07:58:15","slug":"slp-sera-sede-del-spartan-race-2025","status":"publish","type":"post","link":"https:\/\/cronicadesoledad.com\/index.php\/2025\/09\/01\/slp-sera-sede-del-spartan-race-2025\/","title":{"rendered":"SLP ser\u00e1 sede del Spartan Race 2025"},"content":{"rendered":"\n<p>El pr\u00f3ximo s\u00e1bado 25 de octubre, San Luis Potos\u00ed recibir\u00e1 la sexta edici\u00f3n del Spartan Race 2025, competencia internacional de obst\u00e1culos que tendr\u00e1 como escenario el Parque Tangamanga Uno, con la participaci\u00f3n de m\u00e1s de dos mil atletas locales, nacionales e internacionales.<\/p>\n\n\n\n<p>En rueda de prensa, la secretaria de Turismo Estatal, Yolanda Josefina Cepeda Echavarr\u00eda, acompa\u00f1ada por el director del Spartan Race, Juan Pedro D\u00e1valos, y el director de AsDeporte, Wilbert Miguel Flores, detall\u00f3 que la justa deportiva incluir\u00e1 modalidades Sprint de 5 kil\u00f3metros con 20 obst\u00e1culos y S\u00faper de 10 kil\u00f3metros con 25 obst\u00e1culos.<\/p>\n\n\n\n<p>Asimismo, se realizar\u00e1 la carrera Trail en distancias de 5 y 10 kil\u00f3metros sin obst\u00e1culos, adem\u00e1s de la categor\u00eda Sport Kids, para ni\u00f1as y ni\u00f1os de 4 a 12 a\u00f1os.<\/p>\n\n\n\n<p>Con inicio programado a las 8:00 horas, la log\u00edstica contar\u00e1 con m\u00e1s de 100 personas y la incorporaci\u00f3n de un nuevo obst\u00e1culo que se estrenar\u00e1 en esta edici\u00f3n. Las inscripciones ya est\u00e1n disponibles en los portales mx.spartan.com y asdeporte.com, donde los interesados pueden asegurar su lugar en una de las competencias m\u00e1s demandantes del calendario deportivo nacional.<\/p>\n","protected":false},"excerpt":{"rendered":"<p>El pr\u00f3ximo s\u00e1bado 25 de octubre, San Luis Potos\u00ed recibir\u00e1 la sexta edici\u00f3n del Spartan Race 2025, competencia internacional de obst\u00e1culos que tendr\u00e1 como escenario el Parque Tangamanga Uno, con la participaci\u00f3n de m\u00e1s de dos mil atletas locales, nacionales e internacionales. En rueda de prensa, la secretaria de Turismo Estatal, Yolanda Josefina Cepeda Echavarr\u00eda, [&hellip;]<\/p>\n","protected":false},"author":2,"featured_media":22432,"comment_status":"open","ping_status":"open","sticky":false,"template":"","format":"standard","meta":{"footnotes":""},"categories":[20,24],"tags":[321,271,294,261,4781],"class_list":{"0":"post-22431","1":"post","2":"type-post","3":"status-publish","4":"format-standard","5":"has-post-thumbnail","7":"category-cronica-deportiva","8":"category-informacion-general","9":"tag-cronica-deportiva","10":"tag-deporte","11":"tag-san-luis","12":"tag-slp","13":"tag-spartan-race"},"_links":{"self":[{"href":"https:\/\/cronicadesoledad.com\/index.php\/wp-json\/wp\/v2\/posts\/22431","targetHints":{"allow":["GET"]}}],"collection":[{"href":"https:\/\/cronicadesoledad.com\/index.php\/wp-json\/wp\/v2\/posts"}],"about":[{"href":"https:\/\/cronicadesoledad.com\/index.php\/wp-json\/wp\/v2\/types\/post"}],"author":[{"embeddable":true,"href":"https:\/\/cronicadesoledad.com\/index.php\/wp-json\/wp\/v2\/users\/2"}],"replies":[{"embeddable":true,"href":"https:\/\/cronicadesoledad.com\/index.php\/wp-json\/wp\/v2\/comments?post=22431"}],"version-history":[{"count":1,"href":"https:\/\/cronicadesoledad.com\/index.php\/wp-json\/wp\/v2\/posts\/22431\/revisions"}],"predecessor-version":[{"id":22433,"href":"https:\/\/cronicadesoledad.com\/index.php\/wp-json\/wp\/v2\/posts\/22431\/revisions\/22433"}],"wp:featuredmedia":[{"embeddable":true,"href":"https:\/\/cronicadesoledad.com\/index.php\/wp-json\/wp\/v2\/media\/22432"}],"wp:attachment":[{"href":"https:\/\/cronicadesoledad.com\/index.php\/wp-json\/wp\/v2\/media?parent=22431"}],"wp:term":[{"taxonomy":"category","embeddable":true,"href":"https:\/\/cronicadesoledad.com\/index.php\/wp-json\/wp\/v2\/categories?post=22431"},{"taxonomy":"post_tag","embeddable":true,"href":"https:\/\/cronicadesoledad.com\/index.php\/wp-json\/wp\/v2\/tags?post=22431"}],"curies":[{"name":"wp","href":"https:\/\/api.w.org\/{rel}","templated":true}]}}