{"id":22437,"date":"2025-09-01T02:02:59","date_gmt":"2025-09-01T08:02:59","guid":{"rendered":"https:\/\/cronicadesoledad.com\/?p=22437"},"modified":"2025-09-01T02:03:00","modified_gmt":"2025-09-01T08:03:00","slug":"piastri-domina-en-zandvoort-y-amplia-ventaja-en-el-mundial","status":"publish","type":"post","link":"https:\/\/cronicadesoledad.com\/index.php\/2025\/09\/01\/piastri-domina-en-zandvoort-y-amplia-ventaja-en-el-mundial\/","title":{"rendered":"Piastri domina en Zandvoort y ampl\u00eda ventaja en el Mundial"},"content":{"rendered":"\n<p>Este lunes, todo el mundo de la F\u00f3rmula 1 analiza lo acontecido ayer domingo en el Gran Premio de los Pa\u00edses Bajos. Oscar Piastri, desde la pole position, firm\u00f3 una exhibici\u00f3n al conquistar la victoria liderando todas las vueltas, consiguiendo as\u00ed su primer grand chelem: pole, vuelta r\u00e1pida, liderato absoluto y triunfo en Zandvoort.<\/p>\n\n\n\n<p>La carrera depar\u00f3 un golpe decisivo en la lucha por el t\u00edtulo cuando su coequipero y rival directo, Lando Norris, abandon\u00f3 a falta de nueve vueltas por una p\u00e9rdida de aceite en su monoplaza, elevando as\u00ed la ventaja de Piastri a 34 puntos en el campeonato.<\/p>\n\n\n\n<p>El podio lo completaron el local Max Verstappen, quien termin\u00f3 segundo ante su p\u00fablico, e Isack Hadjar, quien logr\u00f3 su primer gran premio en el podio, convirti\u00e9ndose en uno de los m\u00e1s j\u00f3venes en lograrlo. Adem\u00e1s, los pilotos de Ferrari, Lewis Hamilton y Charles Leclerc, vivieron una jornada para el olvido: ambos sufrieron accidentes que les obligaron a abandonar.<\/p>\n\n\n\n<p>Con este resultado, Piastri construye un s\u00f3lido camino hacia el t\u00edtulo. Su preeminencia en Zandvoort refuerza su candidatura, mientras que la inesperada ca\u00edda de Norris puede marcar un punto de inflexi\u00f3n en el desenlace del campeonato.<\/p>\n","protected":false},"excerpt":{"rendered":"<p>Este lunes, todo el mundo de la F\u00f3rmula 1 analiza lo acontecido ayer domingo en el Gran Premio de los Pa\u00edses Bajos. Oscar Piastri, desde la pole position, firm\u00f3 una exhibici\u00f3n al conquistar la victoria liderando todas las vueltas, consiguiendo as\u00ed su primer grand chelem: pole, vuelta r\u00e1pida, liderato absoluto y triunfo en Zandvoort. La [&hellip;]<\/p>\n","protected":false},"author":2,"featured_media":22438,"comment_status":"open","ping_status":"open","sticky":false,"template":"","format":"standard","meta":{"footnotes":""},"categories":[20,1,24],"tags":[289,3545,288,287,4784,294,261,27],"class_list":{"0":"post-22437","1":"post","2":"type-post","3":"status-publish","4":"format-standard","5":"has-post-thumbnail","7":"category-cronica-deportiva","8":"category-destacadas","9":"category-informacion-general","10":"tag-f1","11":"tag-formula-1","12":"tag-internacional","13":"tag-nacional","14":"tag-piastri","15":"tag-san-luis","16":"tag-slp","17":"tag-soledad"},"_links":{"self":[{"href":"https:\/\/cronicadesoledad.com\/index.php\/wp-json\/wp\/v2\/posts\/22437","targetHints":{"allow":["GET"]}}],"collection":[{"href":"https:\/\/cronicadesoledad.com\/index.php\/wp-json\/wp\/v2\/posts"}],"about":[{"href":"https:\/\/cronicadesoledad.com\/index.php\/wp-json\/wp\/v2\/types\/post"}],"author":[{"embeddable":true,"href":"https:\/\/cronicadesoledad.com\/index.php\/wp-json\/wp\/v2\/users\/2"}],"replies":[{"embeddable":true,"href":"https:\/\/cronicadesoledad.com\/index.php\/wp-json\/wp\/v2\/comments?post=22437"}],"version-history":[{"count":1,"href":"https:\/\/cronicadesoledad.com\/index.php\/wp-json\/wp\/v2\/posts\/22437\/revisions"}],"predecessor-version":[{"id":22439,"href":"https:\/\/cronicadesoledad.com\/index.php\/wp-json\/wp\/v2\/posts\/22437\/revisions\/22439"}],"wp:featuredmedia":[{"embeddable":true,"href":"https:\/\/cronicadesoledad.com\/index.php\/wp-json\/wp\/v2\/media\/22438"}],"wp:attachment":[{"href":"https:\/\/cronicadesoledad.com\/index.php\/wp-json\/wp\/v2\/media?parent=22437"}],"wp:term":[{"taxonomy":"category","embeddable":true,"href":"https:\/\/cronicadesoledad.com\/index.php\/wp-json\/wp\/v2\/categories?post=22437"},{"taxonomy":"post_tag","embeddable":true,"href":"https:\/\/cronicadesoledad.com\/index.php\/wp-json\/wp\/v2\/tags?post=22437"}],"curies":[{"name":"wp","href":"https:\/\/api.w.org\/{rel}","templated":true}]}}