{"id":22469,"date":"2025-09-01T15:22:06","date_gmt":"2025-09-01T21:22:06","guid":{"rendered":"https:\/\/cronicadesoledad.com\/?p=22469"},"modified":"2025-09-01T21:15:04","modified_gmt":"2025-09-02T03:15:04","slug":"sheinbaum-enaltece-administracion-morenista-del-2018-al-2025","status":"publish","type":"post","link":"https:\/\/cronicadesoledad.com\/index.php\/2025\/09\/01\/sheinbaum-enaltece-administracion-morenista-del-2018-al-2025\/","title":{"rendered":"Sheinbaum enaltece administraci\u00f3n morenista del 2018 al 2025"},"content":{"rendered":"\n<p>Esta ma\u00f1ana, la presidenta de M\u00e9xico, Claudia Sheinbaum Pardo, rindi\u00f3 su primer informe de gobierno, en donde resalto la atenci\u00f3n a la pobreza y su reducci\u00f3n de 41.9 a 29.5 por ciento, labor que se logr\u00f3 del 2018 al 2025, con este dato, la mandataria enalteci\u00f3 una vez m\u00e1s la administraci\u00f3n presidencial dirigida por Morena, esto desde su antecesor Andr\u00e9s Manuel L\u00f3pez Obrador.<\/p>\n\n\n\n<p><br>Hoy lunes primero de septiembre, la mandataria ofreci\u00f3 su primer informe de gobierno, con un discurso propio de un militante guindista, pues incluy\u00f3 frases como: \u201cla oscura noche neoliberal\u201d, \u201cla concentraci\u00f3n de la riqueza \u201c, \u201cel progreso sin justicia no es sostenible\u201d, \u201ccon honestidad y austeridad mexicana\u201d, \u201cla transformaci\u00f3n avanza\u201d, entre otras frases.<\/p>\n\n\n\n<p><br>Dentro del informe, se resaltaron acciones que emprendi\u00f3 la 4T durante el \u00faltimo a\u00f1o, como es la aprobaci\u00f3n de la reforma del Poder Judicial, el regreso de trenes para pasajeros, programas sociales universales, y otras iniciativas. Esto en conjunto de la implementaci\u00f3n de un nuevo modelo econ\u00f3mico que propicia la educaci\u00f3n, salud y acceso a la vivienda.<\/p>\n\n\n\n<p><br>Tambi\u00e9n, asegur\u00f3 que M\u00e9xico redujo su \u00edndice de desigualdad, esto por debajo de Canad\u00e1, adem\u00e1s reiter\u00f3 que no se aceptaran intervenciones extranjeras, pero no mencion\u00f3 los antecedentes de esta aseveraci\u00f3n.<\/p>\n\n\n\n<p><\/p>\n","protected":false},"excerpt":{"rendered":"<p>Esta ma\u00f1ana, la presidenta de M\u00e9xico, Claudia Sheinbaum Pardo, rindi\u00f3 su primer informe de gobierno, en donde resalto la atenci\u00f3n a la pobreza y su reducci\u00f3n de 41.9 a 29.5 por ciento, labor que se logr\u00f3 del 2018 al 2025, con este dato, la mandataria enalteci\u00f3 una vez m\u00e1s la administraci\u00f3n presidencial dirigida por Morena, [&hellip;]<\/p>\n","protected":false},"author":1,"featured_media":22470,"comment_status":"open","ping_status":"open","sticky":false,"template":"","format":"standard","meta":{"footnotes":""},"categories":[1,24],"tags":[287],"class_list":{"0":"post-22469","1":"post","2":"type-post","3":"status-publish","4":"format-standard","5":"has-post-thumbnail","7":"category-destacadas","8":"category-informacion-general","9":"tag-nacional"},"_links":{"self":[{"href":"https:\/\/cronicadesoledad.com\/index.php\/wp-json\/wp\/v2\/posts\/22469","targetHints":{"allow":["GET"]}}],"collection":[{"href":"https:\/\/cronicadesoledad.com\/index.php\/wp-json\/wp\/v2\/posts"}],"about":[{"href":"https:\/\/cronicadesoledad.com\/index.php\/wp-json\/wp\/v2\/types\/post"}],"author":[{"embeddable":true,"href":"https:\/\/cronicadesoledad.com\/index.php\/wp-json\/wp\/v2\/users\/1"}],"replies":[{"embeddable":true,"href":"https:\/\/cronicadesoledad.com\/index.php\/wp-json\/wp\/v2\/comments?post=22469"}],"version-history":[{"count":1,"href":"https:\/\/cronicadesoledad.com\/index.php\/wp-json\/wp\/v2\/posts\/22469\/revisions"}],"predecessor-version":[{"id":22471,"href":"https:\/\/cronicadesoledad.com\/index.php\/wp-json\/wp\/v2\/posts\/22469\/revisions\/22471"}],"wp:featuredmedia":[{"embeddable":true,"href":"https:\/\/cronicadesoledad.com\/index.php\/wp-json\/wp\/v2\/media\/22470"}],"wp:attachment":[{"href":"https:\/\/cronicadesoledad.com\/index.php\/wp-json\/wp\/v2\/media?parent=22469"}],"wp:term":[{"taxonomy":"category","embeddable":true,"href":"https:\/\/cronicadesoledad.com\/index.php\/wp-json\/wp\/v2\/categories?post=22469"},{"taxonomy":"post_tag","embeddable":true,"href":"https:\/\/cronicadesoledad.com\/index.php\/wp-json\/wp\/v2\/tags?post=22469"}],"curies":[{"name":"wp","href":"https:\/\/api.w.org\/{rel}","templated":true}]}}