{"id":22479,"date":"2025-09-01T21:40:43","date_gmt":"2025-09-02T03:40:43","guid":{"rendered":"https:\/\/cronicadesoledad.com\/?p=22479"},"modified":"2025-09-01T21:40:43","modified_gmt":"2025-09-02T03:40:43","slug":"avanza-el-gobierno-de-soledad-en-atencion-de-vialidades-con-programa-de-bacheo","status":"publish","type":"post","link":"https:\/\/cronicadesoledad.com\/index.php\/2025\/09\/01\/avanza-el-gobierno-de-soledad-en-atencion-de-vialidades-con-programa-de-bacheo\/","title":{"rendered":"Avanza el Gobierno de Soledad en atenci\u00f3n de vialidades con programa de bacheo"},"content":{"rendered":"\n<p><strong>El Ayuntamiento de Soledad de Graciano S\u00e1nchez<\/strong>, a trav\u00e9s del <strong>\u00c1rea Operativa de la Direcci\u00f3n de Desarrollo Urbano Municipal<\/strong>, ha rehabilitado cerca de 600 metros cuadrados de calles en las \u00faltimas dos semanas, mediante labores de <strong>bacheo<\/strong> y rectificaci\u00f3n de topes en diversas colonias y localidades.<\/p>\n\n\n\n<p>El titular de la dependencia, <strong>Eduardo Salas Rodr\u00edguez<\/strong>, inform\u00f3 que los trabajos se realizaron en vialidades como <strong>Mariano Arista, Libertad, Circuito Potos\u00ed, Melchor Ocampo y Jos\u00e9 de G\u00e1lvez<\/strong>, atendiendo reportes ciudadanos y priorizando puntos con mayor afectaci\u00f3n al tr\u00e1nsito vehicular.<\/p>\n\n\n\n<p>Estas acciones forman parte de la estrategia municipal para garantizar calles m\u00e1s seguras y transitables, mejorando la movilidad y la infraestructura urbana. De acuerdo con la administraci\u00f3n, los trabajos se realizan de manera continua como respuesta a las solicitudes de las y los habitantes.<\/p>\n\n\n\n<p>Con estas intervenciones, el <strong>Gobierno Municipal de Soledad de Graciano S\u00e1nchez<\/strong> busca impactar directamente en la calidad de vida de la poblaci\u00f3n, fortaleciendo la confianza en los programas municipales y manteniendo la cercan\u00eda con los distintos sectores del municipio.<\/p>\n","protected":false},"excerpt":{"rendered":"<p>El Ayuntamiento de Soledad de Graciano S\u00e1nchez, a trav\u00e9s del \u00c1rea Operativa de la Direcci\u00f3n de Desarrollo Urbano Municipal, ha rehabilitado cerca de 600 metros cuadrados de calles en las \u00faltimas dos semanas, mediante labores de bacheo y rectificaci\u00f3n de topes en diversas colonias y localidades. El titular de la dependencia, Eduardo Salas Rodr\u00edguez, inform\u00f3 [&hellip;]<\/p>\n","protected":false},"author":2,"featured_media":22480,"comment_status":"open","ping_status":"open","sticky":false,"template":"","format":"standard","meta":{"footnotes":""},"categories":[1,24,21],"tags":[223,377,294,261,27],"class_list":{"0":"post-22479","1":"post","2":"type-post","3":"status-publish","4":"format-standard","5":"has-post-thumbnail","7":"category-destacadas","8":"category-informacion-general","9":"category-tu-soledad","10":"tag-ayuntamiento-soledense","11":"tag-bacheo","12":"tag-san-luis","13":"tag-slp","14":"tag-soledad"},"_links":{"self":[{"href":"https:\/\/cronicadesoledad.com\/index.php\/wp-json\/wp\/v2\/posts\/22479","targetHints":{"allow":["GET"]}}],"collection":[{"href":"https:\/\/cronicadesoledad.com\/index.php\/wp-json\/wp\/v2\/posts"}],"about":[{"href":"https:\/\/cronicadesoledad.com\/index.php\/wp-json\/wp\/v2\/types\/post"}],"author":[{"embeddable":true,"href":"https:\/\/cronicadesoledad.com\/index.php\/wp-json\/wp\/v2\/users\/2"}],"replies":[{"embeddable":true,"href":"https:\/\/cronicadesoledad.com\/index.php\/wp-json\/wp\/v2\/comments?post=22479"}],"version-history":[{"count":1,"href":"https:\/\/cronicadesoledad.com\/index.php\/wp-json\/wp\/v2\/posts\/22479\/revisions"}],"predecessor-version":[{"id":22481,"href":"https:\/\/cronicadesoledad.com\/index.php\/wp-json\/wp\/v2\/posts\/22479\/revisions\/22481"}],"wp:featuredmedia":[{"embeddable":true,"href":"https:\/\/cronicadesoledad.com\/index.php\/wp-json\/wp\/v2\/media\/22480"}],"wp:attachment":[{"href":"https:\/\/cronicadesoledad.com\/index.php\/wp-json\/wp\/v2\/media?parent=22479"}],"wp:term":[{"taxonomy":"category","embeddable":true,"href":"https:\/\/cronicadesoledad.com\/index.php\/wp-json\/wp\/v2\/categories?post=22479"},{"taxonomy":"post_tag","embeddable":true,"href":"https:\/\/cronicadesoledad.com\/index.php\/wp-json\/wp\/v2\/tags?post=22479"}],"curies":[{"name":"wp","href":"https:\/\/api.w.org\/{rel}","templated":true}]}}