{"id":22557,"date":"2025-09-03T19:33:16","date_gmt":"2025-09-04T01:33:16","guid":{"rendered":"https:\/\/cronicadesoledad.com\/?p=22557"},"modified":"2025-09-03T19:33:19","modified_gmt":"2025-09-04T01:33:19","slug":"comunidad-escolar-de-soledad-agradece-apoyo-municipal-por-nuevo-techado-escolar","status":"publish","type":"post","link":"https:\/\/cronicadesoledad.com\/index.php\/2025\/09\/03\/comunidad-escolar-de-soledad-agradece-apoyo-municipal-por-nuevo-techado-escolar\/","title":{"rendered":"Comunidad escolar de Soledad agradece apoyo municipal por nuevo techado escolar"},"content":{"rendered":"\n<p><strong>La escuela primaria Jos\u00e9 Mar\u00eda Morelos y Pav\u00f3n<\/strong>, ubicada en la <strong>Unidad Habitacional Pav\u00f3n<\/strong>, contar\u00e1 con un nuevo techado que beneficiar\u00e1 a alumnas y alumnos en actividades acad\u00e9micas, deportivas y recreativas, protegi\u00e9ndolos de las inclemencias del clima.<\/p>\n\n\n\n<p>Docentes y madres de familia expresaron su satisfacci\u00f3n por el arranque de la obra, al se\u00f1alar que por a\u00f1os ni\u00f1as y ni\u00f1os permanecieron expuestos al sol, la lluvia y el fr\u00edo. La profesora <strong>Leticia Rodr\u00edguez Izaguirre<\/strong>, con 15 a\u00f1os de servicio en la instituci\u00f3n, destac\u00f3 que este proyecto dar\u00e1 un espacio digno al alumnado: \u201cEra algo muy necesario, ahora podr\u00e1n disfrutar de un \u00e1rea segura para sus clases y recreos\u201d.<\/p>\n\n\n\n<p>El maestro <strong>Juan Mart\u00edn Salazar Ibarra<\/strong> resalt\u00f3 que la construcci\u00f3n cambiar\u00e1 la din\u00e1mica escolar al permitir actividades sin interrupciones por las condiciones clim\u00e1ticas, mientras que el profesor <strong>V\u00edctor Manuel Cuevas<\/strong>, con m\u00e1s de dos d\u00e9cadas en la escuela, se\u00f1al\u00f3 que el techado permitir\u00e1 desarrollar clases de educaci\u00f3n f\u00edsica y torneos en mejores condiciones.<\/p>\n\n\n\n<p>Padres de familia tambi\u00e9n expresaron su reconocimiento, como <strong>Mar\u00eda del Socorro Ch\u00e1vez<\/strong>, quien subray\u00f3 que el proyecto representa un beneficio invaluable para las nuevas generaciones.<\/p>\n\n\n\n<p>El <strong>Ayuntamiento de Soledad de Graciano S\u00e1nchez<\/strong>, en coordinaci\u00f3n con el <strong>Gobierno del Estado<\/strong>, impulsa este tipo de obras como parte del plan de fortalecimiento a la infraestructura educativa, con el objetivo de garantizar espacios seguros, funcionales y adecuados para la ni\u00f1ez del municipio.<\/p>\n","protected":false},"excerpt":{"rendered":"<p>La escuela primaria Jos\u00e9 Mar\u00eda Morelos y Pav\u00f3n, ubicada en la Unidad Habitacional Pav\u00f3n, contar\u00e1 con un nuevo techado que beneficiar\u00e1 a alumnas y alumnos en actividades acad\u00e9micas, deportivas y recreativas, protegi\u00e9ndolos de las inclemencias del clima. Docentes y madres de familia expresaron su satisfacci\u00f3n por el arranque de la obra, al se\u00f1alar que por [&hellip;]<\/p>\n","protected":false},"author":2,"featured_media":22558,"comment_status":"open","ping_status":"open","sticky":false,"template":"","format":"standard","meta":{"footnotes":""},"categories":[1,24,21],"tags":[223,2024,294,261,27,2892],"class_list":{"0":"post-22557","1":"post","2":"type-post","3":"status-publish","4":"format-standard","5":"has-post-thumbnail","7":"category-destacadas","8":"category-informacion-general","9":"category-tu-soledad","10":"tag-ayuntamiento-soledense","11":"tag-escuela","12":"tag-san-luis","13":"tag-slp","14":"tag-soledad","15":"tag-techado"},"_links":{"self":[{"href":"https:\/\/cronicadesoledad.com\/index.php\/wp-json\/wp\/v2\/posts\/22557","targetHints":{"allow":["GET"]}}],"collection":[{"href":"https:\/\/cronicadesoledad.com\/index.php\/wp-json\/wp\/v2\/posts"}],"about":[{"href":"https:\/\/cronicadesoledad.com\/index.php\/wp-json\/wp\/v2\/types\/post"}],"author":[{"embeddable":true,"href":"https:\/\/cronicadesoledad.com\/index.php\/wp-json\/wp\/v2\/users\/2"}],"replies":[{"embeddable":true,"href":"https:\/\/cronicadesoledad.com\/index.php\/wp-json\/wp\/v2\/comments?post=22557"}],"version-history":[{"count":1,"href":"https:\/\/cronicadesoledad.com\/index.php\/wp-json\/wp\/v2\/posts\/22557\/revisions"}],"predecessor-version":[{"id":22559,"href":"https:\/\/cronicadesoledad.com\/index.php\/wp-json\/wp\/v2\/posts\/22557\/revisions\/22559"}],"wp:featuredmedia":[{"embeddable":true,"href":"https:\/\/cronicadesoledad.com\/index.php\/wp-json\/wp\/v2\/media\/22558"}],"wp:attachment":[{"href":"https:\/\/cronicadesoledad.com\/index.php\/wp-json\/wp\/v2\/media?parent=22557"}],"wp:term":[{"taxonomy":"category","embeddable":true,"href":"https:\/\/cronicadesoledad.com\/index.php\/wp-json\/wp\/v2\/categories?post=22557"},{"taxonomy":"post_tag","embeddable":true,"href":"https:\/\/cronicadesoledad.com\/index.php\/wp-json\/wp\/v2\/tags?post=22557"}],"curies":[{"name":"wp","href":"https:\/\/api.w.org\/{rel}","templated":true}]}}