{"id":22672,"date":"2025-09-08T03:01:00","date_gmt":"2025-09-08T09:01:00","guid":{"rendered":"https:\/\/cronicadesoledad.com\/?p=22672"},"modified":"2025-09-08T00:02:01","modified_gmt":"2025-09-08T06:02:01","slug":"alcaraz-y-sabalenka-reinan-en-la-final-del-us-open-2025","status":"publish","type":"post","link":"https:\/\/cronicadesoledad.com\/index.php\/2025\/09\/08\/alcaraz-y-sabalenka-reinan-en-la-final-del-us-open-2025\/","title":{"rendered":"Alcaraz y Sabalenka reinan en la final del US Open 2025"},"content":{"rendered":"\n<p>Este lunes, tras la jornada emocionante de domingo en el US Open, Carlos Alcaraz conquist\u00f3 el t\u00edtulo del torneo masculino con una s\u00f3lida victoria 6-2, 3-6, 6-1, 6-4 sobre el defensor del t\u00edtulo Jannik Sinner, recuperando as\u00ed la cima del ranking mundial y sumando su sexto Grand Slam.<\/p>\n\n\n\n<p>En paralelo, en la final femenil celebrada el s\u00e1bado, la n\u00famero uno del mundo Aryna Sabalenka retuvo su corona con un triunfo convincente 6-3, 7-6(3) ante la estadounidense Amanda Anisimova. Con este resultado, Sabalenka se convierte en la primera mujer en defender con \u00e9xito el t\u00edtulo del US Open desde Serena Williams en 2014.<\/p>\n\n\n\n<p>Ambas finales reflejaron el dominio de los favoritos del torneo. Alcaraz se reafirm\u00f3 como la figura estelar del circuito masculino, mientras que Sabalenka demostr\u00f3 su solidez y madurez en momentos decisivos frente a una rival combativa como Anisimova.<\/p>\n\n\n\n<p>Con estos triunfos, los dos ganadores coronaron una edici\u00f3n que consagra su legado en Flushing Meadows y marca un punto clave en la temporada de tenis \u2014completando una semana marcada por el alto nivel deportivo y grandes recompensas.<\/p>\n","protected":false},"excerpt":{"rendered":"<p>Este lunes, tras la jornada emocionante de domingo en el US Open, Carlos Alcaraz conquist\u00f3 el t\u00edtulo del torneo masculino con una s\u00f3lida victoria 6-2, 3-6, 6-1, 6-4 sobre el defensor del t\u00edtulo Jannik Sinner, recuperando as\u00ed la cima del ranking mundial y sumando su sexto Grand Slam. En paralelo, en la final femenil celebrada [&hellip;]<\/p>\n","protected":false},"author":2,"featured_media":22673,"comment_status":"open","ping_status":"open","sticky":false,"template":"","format":"standard","meta":{"footnotes":""},"categories":[20,1,24],"tags":[4507,1981,271,288,287,4792,294,261,27,1120],"class_list":{"0":"post-22672","1":"post","2":"type-post","3":"status-publish","4":"format-standard","5":"has-post-thumbnail","7":"category-cronica-deportiva","8":"category-destacadas","9":"category-informacion-general","10":"tag-carlos-alcaraz","11":"tag-cronica-deportiva-2","12":"tag-deporte","13":"tag-internacional","14":"tag-nacional","15":"tag-sabalenka","16":"tag-san-luis","17":"tag-slp","18":"tag-soledad","19":"tag-tenis"},"_links":{"self":[{"href":"https:\/\/cronicadesoledad.com\/index.php\/wp-json\/wp\/v2\/posts\/22672","targetHints":{"allow":["GET"]}}],"collection":[{"href":"https:\/\/cronicadesoledad.com\/index.php\/wp-json\/wp\/v2\/posts"}],"about":[{"href":"https:\/\/cronicadesoledad.com\/index.php\/wp-json\/wp\/v2\/types\/post"}],"author":[{"embeddable":true,"href":"https:\/\/cronicadesoledad.com\/index.php\/wp-json\/wp\/v2\/users\/2"}],"replies":[{"embeddable":true,"href":"https:\/\/cronicadesoledad.com\/index.php\/wp-json\/wp\/v2\/comments?post=22672"}],"version-history":[{"count":1,"href":"https:\/\/cronicadesoledad.com\/index.php\/wp-json\/wp\/v2\/posts\/22672\/revisions"}],"predecessor-version":[{"id":22674,"href":"https:\/\/cronicadesoledad.com\/index.php\/wp-json\/wp\/v2\/posts\/22672\/revisions\/22674"}],"wp:featuredmedia":[{"embeddable":true,"href":"https:\/\/cronicadesoledad.com\/index.php\/wp-json\/wp\/v2\/media\/22673"}],"wp:attachment":[{"href":"https:\/\/cronicadesoledad.com\/index.php\/wp-json\/wp\/v2\/media?parent=22672"}],"wp:term":[{"taxonomy":"category","embeddable":true,"href":"https:\/\/cronicadesoledad.com\/index.php\/wp-json\/wp\/v2\/categories?post=22672"},{"taxonomy":"post_tag","embeddable":true,"href":"https:\/\/cronicadesoledad.com\/index.php\/wp-json\/wp\/v2\/tags?post=22672"}],"curies":[{"name":"wp","href":"https:\/\/api.w.org\/{rel}","templated":true}]}}