{"id":22675,"date":"2025-09-08T03:02:00","date_gmt":"2025-09-08T09:02:00","guid":{"rendered":"https:\/\/cronicadesoledad.com\/?p=22675"},"modified":"2025-09-08T00:06:22","modified_gmt":"2025-09-08T06:06:22","slug":"mexico-logra-oro-inedito-en-mundial-de-tiro-con-arco","status":"publish","type":"post","link":"https:\/\/cronicadesoledad.com\/index.php\/2025\/09\/08\/mexico-logra-oro-inedito-en-mundial-de-tiro-con-arco\/","title":{"rendered":"M\u00e9xico logra oro in\u00e9dito en Mundial de Tiro con Arco"},"content":{"rendered":"\n<p>En el Mundial de Tiro con Arco, la selecci\u00f3n mexicana compuesto femenil nacional \u2013integrada por Andrea Becerra, Mariana Bernal y Adriana Castillo\u2013 conquist\u00f3 la primera medalla de oro mundial para M\u00e9xico en esta disciplina, al derrotar 236-231 a Estados Unidos en la final del Campeonato Mundial celebrado en Gwangju, Corea del Sur.<\/p>\n\n\n\n<p>El triunfo se sell\u00f3 de manera dram\u00e1tica: las mexicanas empataron en las dos primeras rondas y luego tomaron ventaja con precisi\u00f3n, cerrando con flechas perfectas para asegurar el t\u00edtulo. El resultado simboliza un hito hist\u00f3rico para el pa\u00eds, que hasta este momento no hab\u00eda logrado el oro en este certamen.<\/p>\n\n\n\n<p>Adem\u00e1s del oro por equipos femenil, M\u00e9xico se llev\u00f3 el bronce en la prueba mixta, con Andrea Becerra y Sebasti\u00e1n Garc\u00eda imponi\u00e9ndose por 158-157 contra China Taip\u00e9i en una final decidida por la \u00faltima flecha.<\/p>\n\n\n\n<p>El logro llega despu\u00e9s de una temporada destacada: Becerra, Bernal y Castillo ya hab\u00edan ganado podios en Copas del Mundo (Florida Central, Shangh\u00e1i y Copa Merengue), pero esta victoria eleva el nivel competitivo de M\u00e9xico en tiro con arco compuesto al escenario mundial.<\/p>\n","protected":false},"excerpt":{"rendered":"<p>En el Mundial de Tiro con Arco, la selecci\u00f3n mexicana compuesto femenil nacional \u2013integrada por Andrea Becerra, Mariana Bernal y Adriana Castillo\u2013 conquist\u00f3 la primera medalla de oro mundial para M\u00e9xico en esta disciplina, al derrotar 236-231 a Estados Unidos en la final del Campeonato Mundial celebrado en Gwangju, Corea del Sur. El triunfo se [&hellip;]<\/p>\n","protected":false},"author":2,"featured_media":22676,"comment_status":"open","ping_status":"open","sticky":false,"template":"","format":"standard","meta":{"footnotes":""},"categories":[20,1,24],"tags":[321,271,288,2052,4793,287,294,261,27],"class_list":{"0":"post-22675","1":"post","2":"type-post","3":"status-publish","4":"format-standard","5":"has-post-thumbnail","7":"category-cronica-deportiva","8":"category-destacadas","9":"category-informacion-general","10":"tag-cronica-deportiva","11":"tag-deporte","12":"tag-internacional","13":"tag-mexico-2","14":"tag-mundial-de-tiro-con-arco","15":"tag-nacional","16":"tag-san-luis","17":"tag-slp","18":"tag-soledad"},"_links":{"self":[{"href":"https:\/\/cronicadesoledad.com\/index.php\/wp-json\/wp\/v2\/posts\/22675","targetHints":{"allow":["GET"]}}],"collection":[{"href":"https:\/\/cronicadesoledad.com\/index.php\/wp-json\/wp\/v2\/posts"}],"about":[{"href":"https:\/\/cronicadesoledad.com\/index.php\/wp-json\/wp\/v2\/types\/post"}],"author":[{"embeddable":true,"href":"https:\/\/cronicadesoledad.com\/index.php\/wp-json\/wp\/v2\/users\/2"}],"replies":[{"embeddable":true,"href":"https:\/\/cronicadesoledad.com\/index.php\/wp-json\/wp\/v2\/comments?post=22675"}],"version-history":[{"count":1,"href":"https:\/\/cronicadesoledad.com\/index.php\/wp-json\/wp\/v2\/posts\/22675\/revisions"}],"predecessor-version":[{"id":22677,"href":"https:\/\/cronicadesoledad.com\/index.php\/wp-json\/wp\/v2\/posts\/22675\/revisions\/22677"}],"wp:featuredmedia":[{"embeddable":true,"href":"https:\/\/cronicadesoledad.com\/index.php\/wp-json\/wp\/v2\/media\/22676"}],"wp:attachment":[{"href":"https:\/\/cronicadesoledad.com\/index.php\/wp-json\/wp\/v2\/media?parent=22675"}],"wp:term":[{"taxonomy":"category","embeddable":true,"href":"https:\/\/cronicadesoledad.com\/index.php\/wp-json\/wp\/v2\/categories?post=22675"},{"taxonomy":"post_tag","embeddable":true,"href":"https:\/\/cronicadesoledad.com\/index.php\/wp-json\/wp\/v2\/tags?post=22675"}],"curies":[{"name":"wp","href":"https:\/\/api.w.org\/{rel}","templated":true}]}}