{"id":22681,"date":"2025-09-08T03:04:00","date_gmt":"2025-09-08T09:04:00","guid":{"rendered":"https:\/\/cronicadesoledad.com\/?p=22681"},"modified":"2025-09-08T00:17:05","modified_gmt":"2025-09-08T06:17:05","slug":"del-toro-entra-a-la-historia-en-toscana-con-triunfo-memorable","status":"publish","type":"post","link":"https:\/\/cronicadesoledad.com\/index.php\/2025\/09\/08\/del-toro-entra-a-la-historia-en-toscana-con-triunfo-memorable\/","title":{"rendered":"Del Toro entra a la historia en Toscana con triunfo memorable"},"content":{"rendered":"\n<p>Tras su victoria de ayer domingo, Isaac del Toro firm\u00f3 una actuaci\u00f3n hist\u00f3rica al conquistar el GP Industria &amp; Artigianato 2025 en Italia. El ciclista mexicano, de tan solo 21 a\u00f1os, se convirti\u00f3 en el primer latinoamericano en alzarse con este trofeo, fundado en la Toscana, lo que marca un hito en el palmar\u00e9s del evento.<\/p>\n\n\n\n<p>La carrera de un d\u00eda, de 196.3 km por las colinas de Larciano, se cerr\u00f3 con un final espectacular. En la \u00faltima subida a San Baronto, Del Toro se escap\u00f3 junto a Christian Scaroni y Davide Piganzoli; en el sprint final, impuso su \u201cpunta de velocidad\u201d para cruzar la meta en 4 h 32\u2032 47\u2033, aventajando apenas a Scaroni.<\/p>\n\n\n\n<p>Con este triunfo, Isaac acumul\u00f3 su d\u00e9cima victoria de la temporada, y a su vez represent\u00f3 la victoria n\u00famero 81 del a\u00f1o para UAE Team Emirates, consolidando el dominio del equipo en el circuito internacional. El \u00e9xito en el GP Industria &amp; Artigianato refuerza la consolidaci\u00f3n de Del Toro como uno de los ciclistas j\u00f3venes m\u00e1s brillantes del pelot\u00f3n mundial. Su capacidad para rematar con explosividad y su historial de resultados lo perfilan ya como una pieza clave para los grandes objetivos que vienen en lo que resta de la temporada.<\/p>\n","protected":false},"excerpt":{"rendered":"<p>Tras su victoria de ayer domingo, Isaac del Toro firm\u00f3 una actuaci\u00f3n hist\u00f3rica al conquistar el GP Industria &amp; Artigianato 2025 en Italia. El ciclista mexicano, de tan solo 21 a\u00f1os, se convirti\u00f3 en el primer latinoamericano en alzarse con este trofeo, fundado en la Toscana, lo que marca un hito en el palmar\u00e9s del [&hellip;]<\/p>\n","protected":false},"author":2,"featured_media":22682,"comment_status":"open","ping_status":"open","sticky":false,"template":"","format":"standard","meta":{"footnotes":""},"categories":[20,1,24],"tags":[1981,271,288,4345,287,294,261,27],"class_list":{"0":"post-22681","1":"post","2":"type-post","3":"status-publish","4":"format-standard","5":"has-post-thumbnail","7":"category-cronica-deportiva","8":"category-destacadas","9":"category-informacion-general","10":"tag-cronica-deportiva-2","11":"tag-deporte","12":"tag-internacional","13":"tag-isaac-del-toro","14":"tag-nacional","15":"tag-san-luis","16":"tag-slp","17":"tag-soledad"},"_links":{"self":[{"href":"https:\/\/cronicadesoledad.com\/index.php\/wp-json\/wp\/v2\/posts\/22681","targetHints":{"allow":["GET"]}}],"collection":[{"href":"https:\/\/cronicadesoledad.com\/index.php\/wp-json\/wp\/v2\/posts"}],"about":[{"href":"https:\/\/cronicadesoledad.com\/index.php\/wp-json\/wp\/v2\/types\/post"}],"author":[{"embeddable":true,"href":"https:\/\/cronicadesoledad.com\/index.php\/wp-json\/wp\/v2\/users\/2"}],"replies":[{"embeddable":true,"href":"https:\/\/cronicadesoledad.com\/index.php\/wp-json\/wp\/v2\/comments?post=22681"}],"version-history":[{"count":1,"href":"https:\/\/cronicadesoledad.com\/index.php\/wp-json\/wp\/v2\/posts\/22681\/revisions"}],"predecessor-version":[{"id":22683,"href":"https:\/\/cronicadesoledad.com\/index.php\/wp-json\/wp\/v2\/posts\/22681\/revisions\/22683"}],"wp:featuredmedia":[{"embeddable":true,"href":"https:\/\/cronicadesoledad.com\/index.php\/wp-json\/wp\/v2\/media\/22682"}],"wp:attachment":[{"href":"https:\/\/cronicadesoledad.com\/index.php\/wp-json\/wp\/v2\/media?parent=22681"}],"wp:term":[{"taxonomy":"category","embeddable":true,"href":"https:\/\/cronicadesoledad.com\/index.php\/wp-json\/wp\/v2\/categories?post=22681"},{"taxonomy":"post_tag","embeddable":true,"href":"https:\/\/cronicadesoledad.com\/index.php\/wp-json\/wp\/v2\/tags?post=22681"}],"curies":[{"name":"wp","href":"https:\/\/api.w.org\/{rel}","templated":true}]}}