{"id":22687,"date":"2025-09-08T03:06:00","date_gmt":"2025-09-08T09:06:00","guid":{"rendered":"https:\/\/cronicadesoledad.com\/?p=22687"},"modified":"2025-09-08T00:21:21","modified_gmt":"2025-09-08T06:21:21","slug":"presentaron-el-xi-festival-de-jazz-jorge-martinez-zapata","status":"publish","type":"post","link":"https:\/\/cronicadesoledad.com\/index.php\/2025\/09\/08\/presentaron-el-xi-festival-de-jazz-jorge-martinez-zapata\/","title":{"rendered":"Presentaron el XI Festival de Jazz \u201cJorge Mart\u00ednez Zapata\u201d"},"content":{"rendered":"\n<p>El Gobierno de la Capital, junto con Luna Cabal Asociaci\u00f3n Cultura A.C., y Colectivo San Luis Jazz presentaron el XI Festival de Jazz \u201cJorge Mart\u00ednez Zapata\u201d, apoyado por primera ocasi\u00f3n completamente por el Ayuntamiento de San Luis Potos\u00ed y en el que se presentar\u00e1 un programa muy completo.<\/p>\n\n\n\n<p>H\u00e9ctor Ulises Tello Balderas, responsable de Cultura Municipal, dijo que vez primera el Gobierno de la Capital patrocina y organiza un evento que es sin duda un bien cultural potosino, \u201cnos llena de orgullo poder hacerlo, el alcalde Galindo nos ha pedido abanderarlo este a\u00f1o en el marco de Capital Americana, en honor al maestro Daniel de la Llera y as\u00ed lo haremos\u201d, agreg\u00f3.<\/p>\n\n\n\n<p>Ra\u00fal Puebla Santoyo, coordinador de Fomento a las Artes habl\u00f3 del programa general del XI Festival de Jazz arranca el 11 de septiembre con dos masters class por parte de Iv\u00e1n Barrera (CDMX) y Quinto Elemento (Le\u00f3n, Gto.), y posteriormente a las 7 de la noche el concierto con Iv\u00e1n Barrera en Plaza de Armas.<\/p>\n\n\n\n<p>Jorge Mart\u00ednez Herrera de Luna Cabal AC., destac\u00f3 el programa acad\u00e9mico del Festival y la participaci\u00f3n de grandes m\u00fasicos nacionales como Iv\u00e1n Barrera Tr\u00edo, Quinto Elemento, Cuarteto Alkahest, Poeta Cuarteto, Huejazz, Melody y los Cocolos y Miguel Cruz Sexteto.<\/p>\n","protected":false},"excerpt":{"rendered":"<p>El Gobierno de la Capital, junto con Luna Cabal Asociaci\u00f3n Cultura A.C., y Colectivo San Luis Jazz presentaron el XI Festival de Jazz \u201cJorge Mart\u00ednez Zapata\u201d, apoyado por primera ocasi\u00f3n completamente por el Ayuntamiento de San Luis Potos\u00ed y en el que se presentar\u00e1 un programa muy completo. H\u00e9ctor Ulises Tello Balderas, responsable de Cultura [&hellip;]<\/p>\n","protected":false},"author":2,"featured_media":22688,"comment_status":"open","ping_status":"open","sticky":false,"template":"","format":"standard","meta":{"footnotes":""},"categories":[1,24,3080],"tags":[1412,4795,294,261],"class_list":{"0":"post-22687","1":"post","2":"type-post","3":"status-publish","4":"format-standard","5":"has-post-thumbnail","7":"category-destacadas","8":"category-informacion-general","9":"category-slp","10":"tag-ayuntamiento-capitalino","11":"tag-festival-de-jazz","12":"tag-san-luis","13":"tag-slp"},"_links":{"self":[{"href":"https:\/\/cronicadesoledad.com\/index.php\/wp-json\/wp\/v2\/posts\/22687","targetHints":{"allow":["GET"]}}],"collection":[{"href":"https:\/\/cronicadesoledad.com\/index.php\/wp-json\/wp\/v2\/posts"}],"about":[{"href":"https:\/\/cronicadesoledad.com\/index.php\/wp-json\/wp\/v2\/types\/post"}],"author":[{"embeddable":true,"href":"https:\/\/cronicadesoledad.com\/index.php\/wp-json\/wp\/v2\/users\/2"}],"replies":[{"embeddable":true,"href":"https:\/\/cronicadesoledad.com\/index.php\/wp-json\/wp\/v2\/comments?post=22687"}],"version-history":[{"count":1,"href":"https:\/\/cronicadesoledad.com\/index.php\/wp-json\/wp\/v2\/posts\/22687\/revisions"}],"predecessor-version":[{"id":22689,"href":"https:\/\/cronicadesoledad.com\/index.php\/wp-json\/wp\/v2\/posts\/22687\/revisions\/22689"}],"wp:featuredmedia":[{"embeddable":true,"href":"https:\/\/cronicadesoledad.com\/index.php\/wp-json\/wp\/v2\/media\/22688"}],"wp:attachment":[{"href":"https:\/\/cronicadesoledad.com\/index.php\/wp-json\/wp\/v2\/media?parent=22687"}],"wp:term":[{"taxonomy":"category","embeddable":true,"href":"https:\/\/cronicadesoledad.com\/index.php\/wp-json\/wp\/v2\/categories?post=22687"},{"taxonomy":"post_tag","embeddable":true,"href":"https:\/\/cronicadesoledad.com\/index.php\/wp-json\/wp\/v2\/tags?post=22687"}],"curies":[{"name":"wp","href":"https:\/\/api.w.org\/{rel}","templated":true}]}}