{"id":22690,"date":"2025-09-08T03:07:00","date_gmt":"2025-09-08T09:07:00","guid":{"rendered":"https:\/\/cronicadesoledad.com\/?p=22690"},"modified":"2025-09-08T00:23:09","modified_gmt":"2025-09-08T06:23:09","slug":"marco-rubio-y-sheinbaum-acuerdan-respeto-territorial-en-lucha-contra-carteles","status":"publish","type":"post","link":"https:\/\/cronicadesoledad.com\/index.php\/2025\/09\/08\/marco-rubio-y-sheinbaum-acuerdan-respeto-territorial-en-lucha-contra-carteles\/","title":{"rendered":"Marco Rubio y Sheinbaum acuerdan respeto territorial en lucha contra c\u00e1rteles"},"content":{"rendered":"\n<p>Los gobiernos de M\u00e9xico y Estados Unidos anunciaron este mi\u00e9rcoles un acuerdo para profundizar la cooperaci\u00f3n en materia de seguridad, con \u00e9nfasis en el combate a los c\u00e1rteles del narcotr\u00e1fico y en el control de los flujos migratorios, bajo el compromiso de respetar la soberan\u00eda de cada pa\u00eds.<\/p>\n\n\n\n<p>El anuncio se dio tras la reuni\u00f3n en Ciudad de M\u00e9xico entre la presidenta Claudia Sheinbaum y el secretario de Estado Marco Rubio, en la que participaron tambi\u00e9n el canciller Juan Ram\u00f3n de la Fuente y el secretario de Seguridad Omar Garc\u00eda Harfuch. En conferencia de prensa, Rubio destac\u00f3 que los c\u00e1rteles representan \u201cuna amenaza a la seguridad nacional\u201d de ambas naciones y confirm\u00f3 la creaci\u00f3n de un grupo bilateral de alto nivel para coordinar acciones.<\/p>\n\n\n\n<p>Rubio elogi\u00f3 a M\u00e9xico por la detenci\u00f3n de m\u00e1s de 50 personas consideradas \u201cobjetivos de alto valor\u201d por el gobierno estadounidense y subray\u00f3 que ning\u00fan otro pa\u00eds coopera actualmente con Washington en la lucha contra la delincuencia organizada en la misma medida. Sheinbaum, por su parte, calific\u00f3 el encuentro como \u201ccordial\u201d y asegur\u00f3 que el acuerdo refleja meses de di\u00e1logo con miras a consolidar una cooperaci\u00f3n respetuosa.<\/p>\n\n\n\n<p>La declaraci\u00f3n conjunta incluy\u00f3 tambi\u00e9n compromisos para atender temas sensibles como el tr\u00e1fico de armas, la migraci\u00f3n irregular y la vigilancia de operaciones transfronterizas. Autoridades mexicanas reiteraron que no se permitir\u00e1 la incursi\u00f3n unilateral de fuerzas estadounidenses en territorio nacional, mientras que el gobierno de Trump insisti\u00f3 en que continuar\u00e1 utilizando medios militares contra grupos criminales designados como organizaciones terroristas extranjeras.<\/p>\n\n\n\n<p>Con este acuerdo, ambos gobiernos buscan encauzar la relaci\u00f3n bilateral en un contexto de presiones pol\u00edticas y de seguridad, equilibrando la cooperaci\u00f3n en el combate al narcotr\u00e1fico con el respeto a la integridad territorial de cada pa\u00eds.<\/p>\n","protected":false},"excerpt":{"rendered":"<p>Los gobiernos de M\u00e9xico y Estados Unidos anunciaron este mi\u00e9rcoles un acuerdo para profundizar la cooperaci\u00f3n en materia de seguridad, con \u00e9nfasis en el combate a los c\u00e1rteles del narcotr\u00e1fico y en el control de los flujos migratorios, bajo el compromiso de respetar la soberan\u00eda de cada pa\u00eds. El anuncio se dio tras la reuni\u00f3n [&hellip;]<\/p>\n","protected":false},"author":2,"featured_media":22691,"comment_status":"open","ping_status":"open","sticky":false,"template":"","format":"standard","meta":{"footnotes":""},"categories":[1,24],"tags":[619,2868,1198,2869,818,288,3810,2052,287,294,261,27],"class_list":{"0":"post-22690","1":"post","2":"type-post","3":"status-publish","4":"format-standard","5":"has-post-thumbnail","7":"category-destacadas","8":"category-informacion-general","9":"tag-claudia-sheinbaum","10":"tag-eeuu","11":"tag-estados-unidos","12":"tag-eu","13":"tag-eua","14":"tag-internacional","15":"tag-marco-rubio","16":"tag-mexico-2","17":"tag-nacional","18":"tag-san-luis","19":"tag-slp","20":"tag-soledad"},"_links":{"self":[{"href":"https:\/\/cronicadesoledad.com\/index.php\/wp-json\/wp\/v2\/posts\/22690","targetHints":{"allow":["GET"]}}],"collection":[{"href":"https:\/\/cronicadesoledad.com\/index.php\/wp-json\/wp\/v2\/posts"}],"about":[{"href":"https:\/\/cronicadesoledad.com\/index.php\/wp-json\/wp\/v2\/types\/post"}],"author":[{"embeddable":true,"href":"https:\/\/cronicadesoledad.com\/index.php\/wp-json\/wp\/v2\/users\/2"}],"replies":[{"embeddable":true,"href":"https:\/\/cronicadesoledad.com\/index.php\/wp-json\/wp\/v2\/comments?post=22690"}],"version-history":[{"count":1,"href":"https:\/\/cronicadesoledad.com\/index.php\/wp-json\/wp\/v2\/posts\/22690\/revisions"}],"predecessor-version":[{"id":22692,"href":"https:\/\/cronicadesoledad.com\/index.php\/wp-json\/wp\/v2\/posts\/22690\/revisions\/22692"}],"wp:featuredmedia":[{"embeddable":true,"href":"https:\/\/cronicadesoledad.com\/index.php\/wp-json\/wp\/v2\/media\/22691"}],"wp:attachment":[{"href":"https:\/\/cronicadesoledad.com\/index.php\/wp-json\/wp\/v2\/media?parent=22690"}],"wp:term":[{"taxonomy":"category","embeddable":true,"href":"https:\/\/cronicadesoledad.com\/index.php\/wp-json\/wp\/v2\/categories?post=22690"},{"taxonomy":"post_tag","embeddable":true,"href":"https:\/\/cronicadesoledad.com\/index.php\/wp-json\/wp\/v2\/tags?post=22690"}],"curies":[{"name":"wp","href":"https:\/\/api.w.org\/{rel}","templated":true}]}}