{"id":22724,"date":"2025-09-08T22:53:56","date_gmt":"2025-09-09T04:53:56","guid":{"rendered":"https:\/\/cronicadesoledad.com\/?p=22724"},"modified":"2025-09-08T22:53:59","modified_gmt":"2025-09-09T04:53:59","slug":"ayuntamiento-de-soledad-habilita-horario-vespertino-en-escuela-de-musica-para-impulsar-talento-infantil","status":"publish","type":"post","link":"https:\/\/cronicadesoledad.com\/index.php\/2025\/09\/08\/ayuntamiento-de-soledad-habilita-horario-vespertino-en-escuela-de-musica-para-impulsar-talento-infantil\/","title":{"rendered":"Ayuntamiento de Soledad habilita horario vespertino en Escuela de M\u00fasica para impulsar talento infantil"},"content":{"rendered":"\n<p>El <strong>Gobierno Municipal de Soledad de Graciano S\u00e1nchez<\/strong> anunci\u00f3 la implementaci\u00f3n de un nuevo horario vespertino en la <strong>Escuela Municipal de M\u00fasica<\/strong>, con clases de 3 de la tarde a 8 de la noche. La medida busca que m\u00e1s ni\u00f1as y ni\u00f1os tengan acceso a la formaci\u00f3n musical sin interferir con sus actividades escolares, reforzando as\u00ed el compromiso del alcalde <strong>Juan Manuel Navarro Mu\u00f1iz<\/strong> de ampliar las oportunidades culturales para la infancia del municipio.<\/p>\n\n\n\n<p>De acuerdo con <strong>Sergio Tenorio Castillo<\/strong>, director de la Escuela Municipal de M\u00fasica, el \u00fanico requisito de inscripci\u00f3n es residir en Soledad. \u201cNuestra escuela es totalmente gratuita, los instrumentos est\u00e1n disponibles para los estudiantes que desean aprender. Actualmente atendemos entre 35 y 40 alumnos, y durante el per\u00edodo vacacional se sumaron nuevos talentos que enriquecen los grupos\u201d, se\u00f1al\u00f3.<\/p>\n\n\n\n<p>La instituci\u00f3n imparte talleres de alientos como <strong>trompeta, saxof\u00f3n y tromb\u00f3n<\/strong>, adem\u00e1s de clases de <strong>piano, guitarra y percusi\u00f3n<\/strong> \u2014incluyendo bater\u00eda y percusi\u00f3n latina\u2014, organizados en niveles de principiantes, intermedios y avanzados. El modelo garantiza un aprendizaje progresivo y con bases s\u00f3lidas para el desarrollo musical de la ni\u00f1ez.<\/p>\n\n\n\n<p>Ubicada en el <strong>Teatro y Centro Cultural de Soledad<\/strong>, en la colonia <strong>Rancho Blanco<\/strong>, la Escuela Municipal de M\u00fasica tambi\u00e9n tiene como objetivo conformar una <strong>orquesta infantil municipal<\/strong> que represente a Soledad de Graciano S\u00e1nchez, proyectando con orgullo la identidad cultural de la localidad y asegurando que la m\u00fasica est\u00e9 al alcance de todas y todos.<\/p>\n","protected":false},"excerpt":{"rendered":"<p>El Gobierno Municipal de Soledad de Graciano S\u00e1nchez anunci\u00f3 la implementaci\u00f3n de un nuevo horario vespertino en la Escuela Municipal de M\u00fasica, con clases de 3 de la tarde a 8 de la noche. La medida busca que m\u00e1s ni\u00f1as y ni\u00f1os tengan acceso a la formaci\u00f3n musical sin interferir con sus actividades escolares, reforzando [&hellip;]<\/p>\n","protected":false},"author":2,"featured_media":22725,"comment_status":"open","ping_status":"open","sticky":false,"template":"","format":"standard","meta":{"footnotes":""},"categories":[1,24,21],"tags":[223,4716,3039,294,261,27],"class_list":{"0":"post-22724","1":"post","2":"type-post","3":"status-publish","4":"format-standard","5":"has-post-thumbnail","7":"category-destacadas","8":"category-informacion-general","9":"category-tu-soledad","10":"tag-ayuntamiento-soledense","11":"tag-escuela-municipal-de-musica","12":"tag-musica-3","13":"tag-san-luis","14":"tag-slp","15":"tag-soledad"},"_links":{"self":[{"href":"https:\/\/cronicadesoledad.com\/index.php\/wp-json\/wp\/v2\/posts\/22724","targetHints":{"allow":["GET"]}}],"collection":[{"href":"https:\/\/cronicadesoledad.com\/index.php\/wp-json\/wp\/v2\/posts"}],"about":[{"href":"https:\/\/cronicadesoledad.com\/index.php\/wp-json\/wp\/v2\/types\/post"}],"author":[{"embeddable":true,"href":"https:\/\/cronicadesoledad.com\/index.php\/wp-json\/wp\/v2\/users\/2"}],"replies":[{"embeddable":true,"href":"https:\/\/cronicadesoledad.com\/index.php\/wp-json\/wp\/v2\/comments?post=22724"}],"version-history":[{"count":1,"href":"https:\/\/cronicadesoledad.com\/index.php\/wp-json\/wp\/v2\/posts\/22724\/revisions"}],"predecessor-version":[{"id":22726,"href":"https:\/\/cronicadesoledad.com\/index.php\/wp-json\/wp\/v2\/posts\/22724\/revisions\/22726"}],"wp:featuredmedia":[{"embeddable":true,"href":"https:\/\/cronicadesoledad.com\/index.php\/wp-json\/wp\/v2\/media\/22725"}],"wp:attachment":[{"href":"https:\/\/cronicadesoledad.com\/index.php\/wp-json\/wp\/v2\/media?parent=22724"}],"wp:term":[{"taxonomy":"category","embeddable":true,"href":"https:\/\/cronicadesoledad.com\/index.php\/wp-json\/wp\/v2\/categories?post=22724"},{"taxonomy":"post_tag","embeddable":true,"href":"https:\/\/cronicadesoledad.com\/index.php\/wp-json\/wp\/v2\/tags?post=22724"}],"curies":[{"name":"wp","href":"https:\/\/api.w.org\/{rel}","templated":true}]}}