{"id":22774,"date":"2025-09-09T23:04:02","date_gmt":"2025-09-10T05:04:02","guid":{"rendered":"https:\/\/cronicadesoledad.com\/?p=22774"},"modified":"2025-09-09T23:04:03","modified_gmt":"2025-09-10T05:04:03","slug":"ayuntamiento-de-soledad-prepara-desfile-civico-conmemorativo-de-la-independencia-de-mexico","status":"publish","type":"post","link":"https:\/\/cronicadesoledad.com\/index.php\/2025\/09\/09\/ayuntamiento-de-soledad-prepara-desfile-civico-conmemorativo-de-la-independencia-de-mexico\/","title":{"rendered":"Ayuntamiento de Soledad prepara desfile c\u00edvico conmemorativo de la Independencia de M\u00e9xico"},"content":{"rendered":"\n<p>El Gobierno Municipal de <strong>Soledad de Graciano S\u00e1nchez<\/strong>, a trav\u00e9s de la <strong>Direcci\u00f3n de Educaci\u00f3n y Acci\u00f3n C\u00edvica<\/strong>, avanza en la organizaci\u00f3n del <strong>Desfile C\u00edvico y Militar del 16 de septiembre<\/strong>, con motivo del <strong>CCXV aniversario de la Independencia de M\u00e9xico<\/strong>. El evento dar\u00e1 inicio a las 9:00 de la ma\u00f1ana en el Jard\u00edn Principal, con un breve protocolo encabezado por el Alcalde <strong>Juan Manuel Navarro Mu\u00f1iz<\/strong>, previo al arranque del recorrido.<\/p>\n\n\n\n<p>De acuerdo con <strong>Velia Castro Granja<\/strong>, titular de Educaci\u00f3n y Acci\u00f3n C\u00edvica, este a\u00f1o el Desfile tendr\u00e1 un <strong>formato renovado<\/strong>, con un car\u00e1cter m\u00e1s militarizado que incluir\u00e1 bandas de guerra, escoltas y contingentes escolares. La funcionaria destac\u00f3 que el objetivo es ofrecer un recorrido din\u00e1mico, organizado y con mayor sentido c\u00edvico, acercando la tradici\u00f3n a ni\u00f1as, ni\u00f1os, j\u00f3venes y familias soledenses.<\/p>\n\n\n\n<p>La log\u00edstica contempla reuniones previas con directivos escolares para coordinar el orden de los contingentes y garantizar la seguridad. Adem\u00e1s, se instalar\u00e1n <strong>tres puntos de hidrataci\u00f3n<\/strong>, habr\u00e1 una ambulancia para atenci\u00f3n inmediata y personal de apoyo durante todo el trayecto, con el fin de asegurar la participaci\u00f3n de los asistentes en un entorno seguro y controlado.<\/p>\n\n\n\n<p>El <strong>Ayuntamiento de Soledad<\/strong> llam\u00f3 a las familias a consultar en sus redes sociales los croquis del recorrido y las calles que permanecer\u00e1n cerradas el pr\u00f3ximo martes 16 de septiembre. Estas acciones reflejan el compromiso de la administraci\u00f3n municipal de mantener cercan\u00eda con la ciudadan\u00eda, fortalecer la educaci\u00f3n c\u00edvica y garantizar que los eventos patrios se desarrollen de manera organizada, segura y participativa.<\/p>\n","protected":false},"excerpt":{"rendered":"<p>El Gobierno Municipal de Soledad de Graciano S\u00e1nchez, a trav\u00e9s de la Direcci\u00f3n de Educaci\u00f3n y Acci\u00f3n C\u00edvica, avanza en la organizaci\u00f3n del Desfile C\u00edvico y Militar del 16 de septiembre, con motivo del CCXV aniversario de la Independencia de M\u00e9xico. El evento dar\u00e1 inicio a las 9:00 de la ma\u00f1ana en el Jard\u00edn Principal, [&hellip;]<\/p>\n","protected":false},"author":2,"featured_media":22775,"comment_status":"open","ping_status":"open","sticky":false,"template":"","format":"standard","meta":{"footnotes":""},"categories":[1,24,21],"tags":[223,759,2717,2052,294,261,27],"class_list":{"0":"post-22774","1":"post","2":"type-post","3":"status-publish","4":"format-standard","5":"has-post-thumbnail","7":"category-destacadas","8":"category-informacion-general","9":"category-tu-soledad","10":"tag-ayuntamiento-soledense","11":"tag-desfile","12":"tag-dia-de-la-independencia","13":"tag-mexico-2","14":"tag-san-luis","15":"tag-slp","16":"tag-soledad"},"_links":{"self":[{"href":"https:\/\/cronicadesoledad.com\/index.php\/wp-json\/wp\/v2\/posts\/22774","targetHints":{"allow":["GET"]}}],"collection":[{"href":"https:\/\/cronicadesoledad.com\/index.php\/wp-json\/wp\/v2\/posts"}],"about":[{"href":"https:\/\/cronicadesoledad.com\/index.php\/wp-json\/wp\/v2\/types\/post"}],"author":[{"embeddable":true,"href":"https:\/\/cronicadesoledad.com\/index.php\/wp-json\/wp\/v2\/users\/2"}],"replies":[{"embeddable":true,"href":"https:\/\/cronicadesoledad.com\/index.php\/wp-json\/wp\/v2\/comments?post=22774"}],"version-history":[{"count":1,"href":"https:\/\/cronicadesoledad.com\/index.php\/wp-json\/wp\/v2\/posts\/22774\/revisions"}],"predecessor-version":[{"id":22776,"href":"https:\/\/cronicadesoledad.com\/index.php\/wp-json\/wp\/v2\/posts\/22774\/revisions\/22776"}],"wp:featuredmedia":[{"embeddable":true,"href":"https:\/\/cronicadesoledad.com\/index.php\/wp-json\/wp\/v2\/media\/22775"}],"wp:attachment":[{"href":"https:\/\/cronicadesoledad.com\/index.php\/wp-json\/wp\/v2\/media?parent=22774"}],"wp:term":[{"taxonomy":"category","embeddable":true,"href":"https:\/\/cronicadesoledad.com\/index.php\/wp-json\/wp\/v2\/categories?post=22774"},{"taxonomy":"post_tag","embeddable":true,"href":"https:\/\/cronicadesoledad.com\/index.php\/wp-json\/wp\/v2\/tags?post=22774"}],"curies":[{"name":"wp","href":"https:\/\/api.w.org\/{rel}","templated":true}]}}