{"id":22840,"date":"2025-09-11T23:36:00","date_gmt":"2025-09-12T05:36:00","guid":{"rendered":"https:\/\/cronicadesoledad.com\/?p=22840"},"modified":"2025-09-11T23:36:01","modified_gmt":"2025-09-12T05:36:01","slug":"uavi-de-soledad-protege-integridad-de-menor-presunta-victima-de-violencia-familiar-bajo-disposicion-de-ppnna","status":"publish","type":"post","link":"https:\/\/cronicadesoledad.com\/index.php\/2025\/09\/11\/uavi-de-soledad-protege-integridad-de-menor-presunta-victima-de-violencia-familiar-bajo-disposicion-de-ppnna\/","title":{"rendered":"UAVI de Soledad protege integridad de menor, presunta v\u00edctima de violencia familiar, bajo disposici\u00f3n de PPNNA"},"content":{"rendered":"\n<p>Una menor de aproximadamente <strong>7 a\u00f1os<\/strong>, presunta v\u00edctima de violencia familiar, fue resguardada por la <strong>Unidad de Atenci\u00f3n de Violencia Intrafamiliar (UAVI)<\/strong> de la <strong>Guardia Civil Municipal de Soledad de Graciano S\u00e1nchez<\/strong>, luego de atender un reporte ciudadano en la colonia <strong>Villa de Cactus<\/strong>. La ni\u00f1a fue puesta a disposici\u00f3n de la <strong>Procuradur\u00eda de Protecci\u00f3n a Ni\u00f1as, Ni\u00f1os y Adolescentes (PPNNA)<\/strong> para garantizar su integridad y continuar con el proceso correspondiente.<\/p>\n\n\n\n<p>El reporte se recibi\u00f3 en la <strong>Comandancia Central<\/strong>, donde se solicit\u00f3 la intervenci\u00f3n de la autoridad al detectarse que una menor estaba siendo agredida en la calle Oasis. Al arribar al lugar, oficiales de Fuerzas Municipales procedieron a la <strong>detenci\u00f3n de la madre<\/strong>, se\u00f1alada como agresora, a quien tambi\u00e9n se le asegur\u00f3 una dosis de un material con caracter\u00edsticas similares a la droga conocida como \u201ccristal\u201d.<\/p>\n\n\n\n<p>La menor fue atendida de inmediato por personal de <strong>UAVI<\/strong>, manifestando que sufr\u00eda agresiones f\u00edsicas y verbales constantes por parte de su madre, situaci\u00f3n que tambi\u00e9n fue confirmada por vecinos de la zona. Posteriormente, fue trasladada a la Comandancia para ser valorada y atendida por el <strong>m\u00e9dico legista<\/strong>, quien certific\u00f3 su estado de salud antes de ser canalizada a la PPNNA.<\/p>\n\n\n\n<p>Con estas acciones, el <strong>Gobierno Municipal de Soledad de Graciano S\u00e1nchez<\/strong> reafirma su compromiso de proteger a la ni\u00f1ez y garantizar espacios libres de violencia, atendiendo de manera inmediata los reportes ciudadanos y trabajando en coordinaci\u00f3n con las autoridades correspondientes para salvaguardar los derechos de ni\u00f1as, ni\u00f1os y adolescentes.<\/p>\n","protected":false},"excerpt":{"rendered":"<p>Una menor de aproximadamente 7 a\u00f1os, presunta v\u00edctima de violencia familiar, fue resguardada por la Unidad de Atenci\u00f3n de Violencia Intrafamiliar (UAVI) de la Guardia Civil Municipal de Soledad de Graciano S\u00e1nchez, luego de atender un reporte ciudadano en la colonia Villa de Cactus. La ni\u00f1a fue puesta a disposici\u00f3n de la Procuradur\u00eda de Protecci\u00f3n [&hellip;]<\/p>\n","protected":false},"author":2,"featured_media":22841,"comment_status":"open","ping_status":"open","sticky":false,"template":"","format":"standard","meta":{"footnotes":""},"categories":[1,24,21],"tags":[223,3449,294,261,27,2509,1900],"class_list":{"0":"post-22840","1":"post","2":"type-post","3":"status-publish","4":"format-standard","5":"has-post-thumbnail","7":"category-destacadas","8":"category-informacion-general","9":"category-tu-soledad","10":"tag-ayuntamiento-soledense","11":"tag-ppnna","12":"tag-san-luis","13":"tag-slp","14":"tag-soledad","15":"tag-uavi","16":"tag-violencia-familiar"},"_links":{"self":[{"href":"https:\/\/cronicadesoledad.com\/index.php\/wp-json\/wp\/v2\/posts\/22840","targetHints":{"allow":["GET"]}}],"collection":[{"href":"https:\/\/cronicadesoledad.com\/index.php\/wp-json\/wp\/v2\/posts"}],"about":[{"href":"https:\/\/cronicadesoledad.com\/index.php\/wp-json\/wp\/v2\/types\/post"}],"author":[{"embeddable":true,"href":"https:\/\/cronicadesoledad.com\/index.php\/wp-json\/wp\/v2\/users\/2"}],"replies":[{"embeddable":true,"href":"https:\/\/cronicadesoledad.com\/index.php\/wp-json\/wp\/v2\/comments?post=22840"}],"version-history":[{"count":1,"href":"https:\/\/cronicadesoledad.com\/index.php\/wp-json\/wp\/v2\/posts\/22840\/revisions"}],"predecessor-version":[{"id":22842,"href":"https:\/\/cronicadesoledad.com\/index.php\/wp-json\/wp\/v2\/posts\/22840\/revisions\/22842"}],"wp:featuredmedia":[{"embeddable":true,"href":"https:\/\/cronicadesoledad.com\/index.php\/wp-json\/wp\/v2\/media\/22841"}],"wp:attachment":[{"href":"https:\/\/cronicadesoledad.com\/index.php\/wp-json\/wp\/v2\/media?parent=22840"}],"wp:term":[{"taxonomy":"category","embeddable":true,"href":"https:\/\/cronicadesoledad.com\/index.php\/wp-json\/wp\/v2\/categories?post=22840"},{"taxonomy":"post_tag","embeddable":true,"href":"https:\/\/cronicadesoledad.com\/index.php\/wp-json\/wp\/v2\/tags?post=22840"}],"curies":[{"name":"wp","href":"https:\/\/api.w.org\/{rel}","templated":true}]}}