{"id":22866,"date":"2025-09-12T23:51:05","date_gmt":"2025-09-13T05:51:05","guid":{"rendered":"https:\/\/cronicadesoledad.com\/?p=22866"},"modified":"2025-09-12T23:51:05","modified_gmt":"2025-09-13T05:51:05","slug":"soledenses-que-habitan-en-los-limites-con-la-capital-reconocen-obra-que-cambiara-su-entorno","status":"publish","type":"post","link":"https:\/\/cronicadesoledad.com\/index.php\/2025\/09\/12\/soledenses-que-habitan-en-los-limites-con-la-capital-reconocen-obra-que-cambiara-su-entorno\/","title":{"rendered":"Soledenses que habitan en los l\u00edmites con la capital reconocen obra que cambiar\u00e1 su entorno"},"content":{"rendered":"\n<p>El arranque de la pavimentaci\u00f3n con concreto hidr\u00e1ulico de la calle <strong>Lino G\u00f3mez<\/strong>, en la colonia <strong>21 de Marzo<\/strong>, representa para las familias de esta zona lim\u00edtrofe con la capital de <strong>San Luis Potos\u00ed<\/strong> la respuesta a una petici\u00f3n que durante d\u00e9cadas fue ignorada por anteriores autoridades capitalinas. Hoy, las y los vecinos reconocieron al <strong>Alcalde de Soledad de Graciano S\u00e1nchez, Juan Manuel Navarro Mu\u00f1iz<\/strong>, como el \u00fanico que los escuch\u00f3 y dio soluci\u00f3n a una demanda hist\u00f3rica.<\/p>\n\n\n\n<p>Mar\u00eda de Jes\u00fas Echeverr\u00eda, vecina beneficiaria, expres\u00f3 su emoci\u00f3n: \u201cYo quiero agradecer al licenciado Juan Manuel Navarro porque desde hace muchos a\u00f1os est\u00e1bamos con excusas de que esta zona pertenec\u00eda a San Luis o a Soledad, y nunca nos hac\u00edan caso, hoy nos escuch\u00f3 y r\u00e1pidamente se vio el trabajo, estamos muy agradecidos porque sabemos que con \u00e9l s\u00ed hay respuesta\u201d.<\/p>\n\n\n\n<p>Otros habitantes coincidieron en destacar que la obra es un cambio real en sus vidas. Un vecino se\u00f1al\u00f3: \u201cAqu\u00ed con las lluvias era imposible transitar, el agua se estancaba y los baches eran un problema; con este gobierno de Soledad s\u00ed se ve el cambio, y confiamos en que el Alcalde Navarro seguir\u00e1 adelante porque est\u00e1 demostrando resultados\u201d.<\/p>\n\n\n\n<p>De igual forma, <strong>Claudia Dom\u00ednguez<\/strong> reconoci\u00f3 la rapidez con que su solicitud fue atendida: \u201cDesde hace muchos a\u00f1os ped\u00edamos el cambio de esta calle y nunca nos respondieron. Hoy, con el Alcalde Navarro, bast\u00f3 un mes y medio para que se diera la respuesta y ya vemos que la obra es una realidad\u201d. Mientras tanto, <strong>Roc\u00edo Jasso Medrano<\/strong> comparti\u00f3 la emoci\u00f3n de ver cumplido un sue\u00f1o: \u201cNunca pensamos que iban a arreglar esta calle, tenemos toda la vida viviendo aqu\u00ed y hasta ahora, gracias al Presidente, lo vemos hecho realidad, es muy bonito que nuestros hijos vean la calle digna y pavimentada\u201d.<\/p>\n\n\n\n<p>Las y los beneficiarios coincidieron en que la obra dignifica su entorno y refleja el compromiso de un <strong>gobierno municipal cercano<\/strong>, encabezado por un Alcalde que escucha y atiende con hechos las necesidades de la poblaci\u00f3n, sin importar que se trate de una zona en el l\u00edmite con la capital potosina.<\/p>\n","protected":false},"excerpt":{"rendered":"<p>El arranque de la pavimentaci\u00f3n con concreto hidr\u00e1ulico de la calle Lino G\u00f3mez, en la colonia 21 de Marzo, representa para las familias de esta zona lim\u00edtrofe con la capital de San Luis Potos\u00ed la respuesta a una petici\u00f3n que durante d\u00e9cadas fue ignorada por anteriores autoridades capitalinas. Hoy, las y los vecinos reconocieron al [&hellip;]<\/p>\n","protected":false},"author":2,"featured_media":22867,"comment_status":"open","ping_status":"open","sticky":false,"template":"","format":"standard","meta":{"footnotes":""},"categories":[1,24,21],"tags":[1954,223,294,261,27],"class_list":{"0":"post-22866","1":"post","2":"type-post","3":"status-publish","4":"format-standard","5":"has-post-thumbnail","7":"category-destacadas","8":"category-informacion-general","9":"category-tu-soledad","10":"tag-21-de-marzo","11":"tag-ayuntamiento-soledense","12":"tag-san-luis","13":"tag-slp","14":"tag-soledad"},"_links":{"self":[{"href":"https:\/\/cronicadesoledad.com\/index.php\/wp-json\/wp\/v2\/posts\/22866","targetHints":{"allow":["GET"]}}],"collection":[{"href":"https:\/\/cronicadesoledad.com\/index.php\/wp-json\/wp\/v2\/posts"}],"about":[{"href":"https:\/\/cronicadesoledad.com\/index.php\/wp-json\/wp\/v2\/types\/post"}],"author":[{"embeddable":true,"href":"https:\/\/cronicadesoledad.com\/index.php\/wp-json\/wp\/v2\/users\/2"}],"replies":[{"embeddable":true,"href":"https:\/\/cronicadesoledad.com\/index.php\/wp-json\/wp\/v2\/comments?post=22866"}],"version-history":[{"count":1,"href":"https:\/\/cronicadesoledad.com\/index.php\/wp-json\/wp\/v2\/posts\/22866\/revisions"}],"predecessor-version":[{"id":22868,"href":"https:\/\/cronicadesoledad.com\/index.php\/wp-json\/wp\/v2\/posts\/22866\/revisions\/22868"}],"wp:featuredmedia":[{"embeddable":true,"href":"https:\/\/cronicadesoledad.com\/index.php\/wp-json\/wp\/v2\/media\/22867"}],"wp:attachment":[{"href":"https:\/\/cronicadesoledad.com\/index.php\/wp-json\/wp\/v2\/media?parent=22866"}],"wp:term":[{"taxonomy":"category","embeddable":true,"href":"https:\/\/cronicadesoledad.com\/index.php\/wp-json\/wp\/v2\/categories?post=22866"},{"taxonomy":"post_tag","embeddable":true,"href":"https:\/\/cronicadesoledad.com\/index.php\/wp-json\/wp\/v2\/tags?post=22866"}],"curies":[{"name":"wp","href":"https:\/\/api.w.org\/{rel}","templated":true}]}}