{"id":22885,"date":"2025-09-15T03:01:00","date_gmt":"2025-09-15T09:01:00","guid":{"rendered":"https:\/\/cronicadesoledad.com\/?p=22885"},"modified":"2025-09-15T01:02:48","modified_gmt":"2025-09-15T07:02:48","slug":"gobierno-reconoce-adeudo-de-183-mdp-con-la-uaslp","status":"publish","type":"post","link":"https:\/\/cronicadesoledad.com\/index.php\/2025\/09\/15\/gobierno-reconoce-adeudo-de-183-mdp-con-la-uaslp\/","title":{"rendered":"Gobierno reconoce adeudo de 183 mdp con la UASLP"},"content":{"rendered":"\n<p>La Universidad Aut\u00f3noma de San Luis Potos\u00ed (UASLP) inform\u00f3 que este jueves 11 de septiembre el rector Alejandro Javier Zerme\u00f1o Guerra se reuni\u00f3 con el secretario general de Gobierno, J. Guadalupe Torres S\u00e1nchez, y la secretaria de Finanzas, Ariana Garc\u00eda Vidal, quienes reconocieron que la administraci\u00f3n estatal mantiene un adeudo de 183 millones de pesos correspondiente al presente ejercicio fiscal.<\/p>\n\n\n\n<p>En el encuentro, realizado en el Palacio de Gobierno, participaron tambi\u00e9n por parte de la universidad el secretario general, Federico Garza Herrera; el secretario de Finanzas, Isa\u00edas Ricardo Mart\u00ednez Guerra; y la abogada general, Urenda Queletz\u00fa Navarro S\u00e1nchez.<\/p>\n\n\n\n<p>Durante la sesi\u00f3n se abord\u00f3 adem\u00e1s la situaci\u00f3n del denominado \u201cpago en especie\u201d de a\u00f1os anteriores, que tampoco ha sido solventado por la administraci\u00f3n estatal. Seg\u00fan la UASLP, los funcionarios mostraron disposici\u00f3n para liquidar el pasivo pendiente.<\/p>\n\n\n\n<p>Cabe recordar que en semanas previas el rector Zerme\u00f1o Guerra advirti\u00f3 sobre la cr\u00edtica situaci\u00f3n financiera de la instituci\u00f3n, derivada del incumplimiento en la entrega de recursos que ya hab\u00edan sido otorgados por la federaci\u00f3n para su ejercicio en 2025.<\/p>\n","protected":false},"excerpt":{"rendered":"<p>La Universidad Aut\u00f3noma de San Luis Potos\u00ed (UASLP) inform\u00f3 que este jueves 11 de septiembre el rector Alejandro Javier Zerme\u00f1o Guerra se reuni\u00f3 con el secretario general de Gobierno, J. Guadalupe Torres S\u00e1nchez, y la secretaria de Finanzas, Ariana Garc\u00eda Vidal, quienes reconocieron que la administraci\u00f3n estatal mantiene un adeudo de 183 millones de pesos [&hellip;]<\/p>\n","protected":false},"author":2,"featured_media":22822,"comment_status":"open","ping_status":"open","sticky":false,"template":"","format":"standard","meta":{"footnotes":""},"categories":[1,24],"tags":[4809,1158,294,536,261,150],"class_list":{"0":"post-22885","1":"post","2":"type-post","3":"status-publish","4":"format-standard","5":"has-post-thumbnail","7":"category-destacadas","8":"category-informacion-general","9":"tag-adeudo","10":"tag-gobierno-del-estado","11":"tag-san-luis","12":"tag-sefin","13":"tag-slp","14":"tag-uaslp"},"_links":{"self":[{"href":"https:\/\/cronicadesoledad.com\/index.php\/wp-json\/wp\/v2\/posts\/22885","targetHints":{"allow":["GET"]}}],"collection":[{"href":"https:\/\/cronicadesoledad.com\/index.php\/wp-json\/wp\/v2\/posts"}],"about":[{"href":"https:\/\/cronicadesoledad.com\/index.php\/wp-json\/wp\/v2\/types\/post"}],"author":[{"embeddable":true,"href":"https:\/\/cronicadesoledad.com\/index.php\/wp-json\/wp\/v2\/users\/2"}],"replies":[{"embeddable":true,"href":"https:\/\/cronicadesoledad.com\/index.php\/wp-json\/wp\/v2\/comments?post=22885"}],"version-history":[{"count":1,"href":"https:\/\/cronicadesoledad.com\/index.php\/wp-json\/wp\/v2\/posts\/22885\/revisions"}],"predecessor-version":[{"id":22886,"href":"https:\/\/cronicadesoledad.com\/index.php\/wp-json\/wp\/v2\/posts\/22885\/revisions\/22886"}],"wp:featuredmedia":[{"embeddable":true,"href":"https:\/\/cronicadesoledad.com\/index.php\/wp-json\/wp\/v2\/media\/22822"}],"wp:attachment":[{"href":"https:\/\/cronicadesoledad.com\/index.php\/wp-json\/wp\/v2\/media?parent=22885"}],"wp:term":[{"taxonomy":"category","embeddable":true,"href":"https:\/\/cronicadesoledad.com\/index.php\/wp-json\/wp\/v2\/categories?post=22885"},{"taxonomy":"post_tag","embeddable":true,"href":"https:\/\/cronicadesoledad.com\/index.php\/wp-json\/wp\/v2\/tags?post=22885"}],"curies":[{"name":"wp","href":"https:\/\/api.w.org\/{rel}","templated":true}]}}