{"id":22893,"date":"2025-09-15T03:04:00","date_gmt":"2025-09-15T09:04:00","guid":{"rendered":"https:\/\/cronicadesoledad.com\/?p=22893"},"modified":"2025-09-15T01:12:40","modified_gmt":"2025-09-15T07:12:40","slug":"del-toro-gana-trofeo-matteotti-y-firma-semana-imparable","status":"publish","type":"post","link":"https:\/\/cronicadesoledad.com\/index.php\/2025\/09\/15\/del-toro-gana-trofeo-matteotti-y-firma-semana-imparable\/","title":{"rendered":"Del Toro gana Trofeo Matteotti y firma semana imparable"},"content":{"rendered":"\n<p>Tras su victoria de ayer domingo en la 77\u00aa edici\u00f3n del Trofeo Matteotti, Isaac del Toro confirm\u00f3 su gran momento en el ciclismo internacional. La carrera se disput\u00f3 en Pescara, Italia, sobre un recorrido de 193 kil\u00f3metros y recorrido por zonas exigentes como Salita Tiberi, Colle Scorrano y Montesilvano Colle. Del Toro se impuso con un potente sprint en un reducido grupo delantero, dejando atr\u00e1s a Rui Costa y Pau Miquel, quienes completaron el podio.<\/p>\n\n\n\n<p>El triunfo representa su cuarta victoria en apenas una semana, un dato que refuerza su estatus como uno de los ciclistas m\u00e1s consistentes del pelot\u00f3n actual. Adem\u00e1s, esta victoria elev\u00f3 su cuenta a 16 triunfos como profesional hasta ahora, sumando tambi\u00e9n al r\u00e9cord de victorias del equipo UAE Team Emirates para la temporada.<\/p>\n\n\n\n<p>En cuanto al desarrollo de la competencia, aunque hubo varios intentos de fuga durante los primeros kil\u00f3metros, ninguno pudo consolidarse. Fue cerca del final, en la \u00faltima subida a Montesilvano Colle, donde Del Toro lanz\u00f3 un ataque certero que le permiti\u00f3 entrar al tramo decisivo con ventaja psicol\u00f3gica. Su fuerza al sprint le dio la victoria mientras los dem\u00e1s competidores intentaban reaccionar.<\/p>\n\n\n\n<p>Con este triunfo, Del Toro no solo ampl\u00eda su palmar\u00e9s, sino que consolida su proyecci\u00f3n como l\u00edder emergente del ciclismo latinoamericano. Su autoridad en Italia en esta semana \u2014tras ganar tambi\u00e9n el GP Industria &amp; Artigianato, el Giro della Toscana y la Coppa Sabatini\u2014 lo pone en el centro de atenci\u00f3n de aficionados y rivales.<\/p>\n","protected":false},"excerpt":{"rendered":"<p>Tras su victoria de ayer domingo en la 77\u00aa edici\u00f3n del Trofeo Matteotti, Isaac del Toro confirm\u00f3 su gran momento en el ciclismo internacional. La carrera se disput\u00f3 en Pescara, Italia, sobre un recorrido de 193 kil\u00f3metros y recorrido por zonas exigentes como Salita Tiberi, Colle Scorrano y Montesilvano Colle. Del Toro se impuso con [&hellip;]<\/p>\n","protected":false},"author":2,"featured_media":22894,"comment_status":"open","ping_status":"open","sticky":false,"template":"","format":"standard","meta":{"footnotes":""},"categories":[20,1,24],"tags":[321,271,288,4345,287,294,261,4813],"class_list":{"0":"post-22893","1":"post","2":"type-post","3":"status-publish","4":"format-standard","5":"has-post-thumbnail","7":"category-cronica-deportiva","8":"category-destacadas","9":"category-informacion-general","10":"tag-cronica-deportiva","11":"tag-deporte","12":"tag-internacional","13":"tag-isaac-del-toro","14":"tag-nacional","15":"tag-san-luis","16":"tag-slp","17":"tag-trofeo-matteotti"},"_links":{"self":[{"href":"https:\/\/cronicadesoledad.com\/index.php\/wp-json\/wp\/v2\/posts\/22893","targetHints":{"allow":["GET"]}}],"collection":[{"href":"https:\/\/cronicadesoledad.com\/index.php\/wp-json\/wp\/v2\/posts"}],"about":[{"href":"https:\/\/cronicadesoledad.com\/index.php\/wp-json\/wp\/v2\/types\/post"}],"author":[{"embeddable":true,"href":"https:\/\/cronicadesoledad.com\/index.php\/wp-json\/wp\/v2\/users\/2"}],"replies":[{"embeddable":true,"href":"https:\/\/cronicadesoledad.com\/index.php\/wp-json\/wp\/v2\/comments?post=22893"}],"version-history":[{"count":1,"href":"https:\/\/cronicadesoledad.com\/index.php\/wp-json\/wp\/v2\/posts\/22893\/revisions"}],"predecessor-version":[{"id":22895,"href":"https:\/\/cronicadesoledad.com\/index.php\/wp-json\/wp\/v2\/posts\/22893\/revisions\/22895"}],"wp:featuredmedia":[{"embeddable":true,"href":"https:\/\/cronicadesoledad.com\/index.php\/wp-json\/wp\/v2\/media\/22894"}],"wp:attachment":[{"href":"https:\/\/cronicadesoledad.com\/index.php\/wp-json\/wp\/v2\/media?parent=22893"}],"wp:term":[{"taxonomy":"category","embeddable":true,"href":"https:\/\/cronicadesoledad.com\/index.php\/wp-json\/wp\/v2\/categories?post=22893"},{"taxonomy":"post_tag","embeddable":true,"href":"https:\/\/cronicadesoledad.com\/index.php\/wp-json\/wp\/v2\/tags?post=22893"}],"curies":[{"name":"wp","href":"https:\/\/api.w.org\/{rel}","templated":true}]}}