{"id":22899,"date":"2025-09-15T03:06:00","date_gmt":"2025-09-15T09:06:00","guid":{"rendered":"https:\/\/cronicadesoledad.com\/?p=22899"},"modified":"2025-09-15T01:18:10","modified_gmt":"2025-09-15T07:18:10","slug":"detienen-a-exsecretario-de-adan-augusto-por-cargos-criminales","status":"publish","type":"post","link":"https:\/\/cronicadesoledad.com\/index.php\/2025\/09\/15\/detienen-a-exsecretario-de-adan-augusto-por-cargos-criminales\/","title":{"rendered":"Detienen a exsecretario de Ad\u00e1n Augusto por cargos criminales"},"content":{"rendered":"\n<p>Hern\u00e1n Berm\u00fadez Requena, alias \u201cEl Abuelo\u201d o \u201cComandante H\u201d, fue detenido en Paraguay durante la madrugada del viernes, se\u00f1alado como exsecretario de Seguridad de Tabasco durante el gobierno de Ad\u00e1n Augusto L\u00f3pez Hern\u00e1ndez. La detenci\u00f3n ocurri\u00f3 en una residencia lujosa en Surubi\u2019i, un barrio cerrado en los alrededores de Asunci\u00f3n. Las autoridades paraguayas confirmaron que resid\u00eda all\u00ed y aprovechaba la casa como lugar de ocultamiento.<\/p>\n\n\n\n<p>Seg\u00fan los informes, Berm\u00fadez Requena enfrenta una orden de aprehensi\u00f3n emitida desde febrero pasado por la comisi\u00f3n de delitos como asociaci\u00f3n delictuosa, extorsi\u00f3n y secuestro expr\u00e9s en Tabasco. Adem\u00e1s, se le vincula con el grupo criminal \u201cLa Barredora\u201d, organizaci\u00f3n con presuntos nexos con el C\u00e1rtel Jalisco Nueva Generaci\u00f3n (CJNG) y acusaciones de tr\u00e1fico de drogas, secuestro y corrupci\u00f3n institucional.<\/p>\n\n\n\n<p>El operativo fue realizado de forma coordinada entre autoridades de Paraguay y M\u00e9xico, incluyendo la Secretar\u00eda Nacional Antidrogas (Senad), el Centro Nacional de Inteligencia, la Fiscal\u00eda General de la Rep\u00fablica, la Guardia Nacional y la Unidad de Inteligencia Financiera. Berm\u00fadez neg\u00f3 la extradici\u00f3n voluntaria, por lo que el juez penal paraguayo dict\u00f3 prisi\u00f3n preventiva mientras se lleva a cabo el procedimiento de extradici\u00f3n, el cual puede prolongarse hasta 60 d\u00edas.<\/p>\n\n\n\n<p>Por su parte, Ad\u00e1n Augusto L\u00f3pez Hern\u00e1ndez, actual senador y exgobernador de Tabasco, afirm\u00f3 estar \u201cdispuesto a comparecer ante las autoridades\u201d si as\u00ed lo requieren. En un comunicado, L\u00f3pez Hern\u00e1ndez dijo no haber tenido \u201calg\u00fan indicio o alguna sospecha\u201d durante su gesti\u00f3n de los presuntos actos criminales de Berm\u00fadez. Tambi\u00e9n declar\u00f3 que \u00e9l mismo solicit\u00f3 que se investigue el caso a fondo.<\/p>\n\n\n\n<p>El caso ha generado reacciones pol\u00edticas amplias. Morena manifest\u00f3 su respaldo a las investigaciones, mientras la oposici\u00f3n ha exigido que se aclare la responsabilidad de quienes ocuparon cargos de gobierno. Adem\u00e1s, la detenci\u00f3n prende focos sobre la actuaci\u00f3n de organismos de inteligencia y seguridad nacionales, as\u00ed como el seguimiento de \u00f3rdenes de aprehensi\u00f3n internacionales, dado que Berm\u00fadez estaba pr\u00f3fugo desde enero y era buscado por Interpol.<\/p>\n","protected":false},"excerpt":{"rendered":"<p>Hern\u00e1n Berm\u00fadez Requena, alias \u201cEl Abuelo\u201d o \u201cComandante H\u201d, fue detenido en Paraguay durante la madrugada del viernes, se\u00f1alado como exsecretario de Seguridad de Tabasco durante el gobierno de Ad\u00e1n Augusto L\u00f3pez Hern\u00e1ndez. La detenci\u00f3n ocurri\u00f3 en una residencia lujosa en Surubi\u2019i, un barrio cerrado en los alrededores de Asunci\u00f3n. Las autoridades paraguayas confirmaron que [&hellip;]<\/p>\n","protected":false},"author":2,"featured_media":22900,"comment_status":"open","ping_status":"open","sticky":false,"template":"","format":"standard","meta":{"footnotes":""},"categories":[1,24,19],"tags":[4706,1585,1503,4815,288,4816,287,294,276,261,27],"class_list":{"0":"post-22899","1":"post","2":"type-post","3":"status-publish","4":"format-standard","5":"has-post-thumbnail","7":"category-destacadas","8":"category-informacion-general","9":"category-seguridad","10":"tag-adan-augusto","11":"tag-cjng","12":"tag-detenido","13":"tag-hernan-bermudez","14":"tag-internacional","15":"tag-la-barredora","16":"tag-nacional","17":"tag-san-luis","18":"tag-seguridad","19":"tag-slp","20":"tag-soledad"},"_links":{"self":[{"href":"https:\/\/cronicadesoledad.com\/index.php\/wp-json\/wp\/v2\/posts\/22899","targetHints":{"allow":["GET"]}}],"collection":[{"href":"https:\/\/cronicadesoledad.com\/index.php\/wp-json\/wp\/v2\/posts"}],"about":[{"href":"https:\/\/cronicadesoledad.com\/index.php\/wp-json\/wp\/v2\/types\/post"}],"author":[{"embeddable":true,"href":"https:\/\/cronicadesoledad.com\/index.php\/wp-json\/wp\/v2\/users\/2"}],"replies":[{"embeddable":true,"href":"https:\/\/cronicadesoledad.com\/index.php\/wp-json\/wp\/v2\/comments?post=22899"}],"version-history":[{"count":1,"href":"https:\/\/cronicadesoledad.com\/index.php\/wp-json\/wp\/v2\/posts\/22899\/revisions"}],"predecessor-version":[{"id":22901,"href":"https:\/\/cronicadesoledad.com\/index.php\/wp-json\/wp\/v2\/posts\/22899\/revisions\/22901"}],"wp:featuredmedia":[{"embeddable":true,"href":"https:\/\/cronicadesoledad.com\/index.php\/wp-json\/wp\/v2\/media\/22900"}],"wp:attachment":[{"href":"https:\/\/cronicadesoledad.com\/index.php\/wp-json\/wp\/v2\/media?parent=22899"}],"wp:term":[{"taxonomy":"category","embeddable":true,"href":"https:\/\/cronicadesoledad.com\/index.php\/wp-json\/wp\/v2\/categories?post=22899"},{"taxonomy":"post_tag","embeddable":true,"href":"https:\/\/cronicadesoledad.com\/index.php\/wp-json\/wp\/v2\/tags?post=22899"}],"curies":[{"name":"wp","href":"https:\/\/api.w.org\/{rel}","templated":true}]}}