{"id":22906,"date":"2025-09-15T03:08:00","date_gmt":"2025-09-15T09:08:00","guid":{"rendered":"https:\/\/cronicadesoledad.com\/?p=22906"},"modified":"2025-09-15T01:24:18","modified_gmt":"2025-09-15T07:24:18","slug":"inicia-nueva-era-en-el-poder-judicial","status":"publish","type":"post","link":"https:\/\/cronicadesoledad.com\/index.php\/2025\/09\/15\/inicia-nueva-era-en-el-poder-judicial\/","title":{"rendered":"Inicia nueva era en el Poder Judicial"},"content":{"rendered":"\n<p>Este d\u00eda, en sesi\u00f3n solemne del Congreso del Estado, se llevar\u00e1 a cabo la toma de posesi\u00f3n de los nuevos magistrados y jueces que se integran al Supremo Tribunal de Justicia del Estado (STJE), en un acto que marca un relevo institucional de gran trascendencia para la impartici\u00f3n de justicia en San Luis Potos\u00ed.<\/p>\n\n\n\n<p>Los nombramientos recaen en profesionales con amplia trayectoria jur\u00eddica y acad\u00e9mica, quienes a partir de hoy asumen la responsabilidad de fortalecer la independencia y eficacia del Poder Judicial, en un contexto en el que la sociedad demanda mayor transparencia y resultados concretos en la resoluci\u00f3n de conflictos.<\/p>\n\n\n\n<p>Los nuevos magistrados del STJE son: Lourdes Anah\u00ed Mart\u00ednez Zaraz\u00faa, Juana Mar\u00eda Alfaro Reyna, Mar\u00eda Sara de la Luz Bernal Ram\u00edrez, Mar\u00eda del Roc\u00edo Hern\u00e1ndez Cruz, Liliana Elizabeth Aguilar G\u00f3mez, Lizet Paola Morales Monter y Silvia Torres S\u00e1nchez.<\/p>\n\n\n\n<p>De igual manera, se suman al m\u00e1ximo \u00f3rgano judicial jueces y magistrados de salas y materias adicionales, entre ellos: Jairo Hern\u00e1ndez Garibay, Armando Rafael Oviedo \u00c1brego, Yanet Hern\u00e1ndez Trejo, Rogelio Javier Salazar Zavala, Juan David Ramos Ruiz, \u00c1ngel Gonzalo Santiago Hern\u00e1ndez y M\u00f3nica Kemp Zamudio.<\/p>\n\n\n\n<p>Con esta renovaci\u00f3n, el Poder Judicial de San Luis Potos\u00ed busca robustecer su capacidad de respuesta frente al incremento en la demanda de servicios de justicia, as\u00ed como reafirmar su compromiso con los principios de legalidad, imparcialidad y respeto a los derechos humanos.<\/p>\n\n\n\n<p>La ceremonia de protesta se perfila como un evento solemne que no solo marca el inicio de una nueva etapa para quienes hoy asumen el cargo, sino tambi\u00e9n un mensaje de confianza hacia la ciudadan\u00eda potosina en torno a la consolidaci\u00f3n de un sistema judicial m\u00e1s cercano, moderno y eficiente.<\/p>\n","protected":false},"excerpt":{"rendered":"<p>Este d\u00eda, en sesi\u00f3n solemne del Congreso del Estado, se llevar\u00e1 a cabo la toma de posesi\u00f3n de los nuevos magistrados y jueces que se integran al Supremo Tribunal de Justicia del Estado (STJE), en un acto que marca un relevo institucional de gran trascendencia para la impartici\u00f3n de justicia en San Luis Potos\u00ed. Los [&hellip;]<\/p>\n","protected":false},"author":2,"featured_media":22907,"comment_status":"open","ping_status":"open","sticky":false,"template":"","format":"standard","meta":{"footnotes":""},"categories":[1,24],"tags":[4444,419,294,261,4818],"class_list":{"0":"post-22906","1":"post","2":"type-post","3":"status-publish","4":"format-standard","5":"has-post-thumbnail","7":"category-destacadas","8":"category-informacion-general","9":"tag-pj","10":"tag-poder-judicial","11":"tag-san-luis","12":"tag-slp","13":"tag-stje"},"_links":{"self":[{"href":"https:\/\/cronicadesoledad.com\/index.php\/wp-json\/wp\/v2\/posts\/22906","targetHints":{"allow":["GET"]}}],"collection":[{"href":"https:\/\/cronicadesoledad.com\/index.php\/wp-json\/wp\/v2\/posts"}],"about":[{"href":"https:\/\/cronicadesoledad.com\/index.php\/wp-json\/wp\/v2\/types\/post"}],"author":[{"embeddable":true,"href":"https:\/\/cronicadesoledad.com\/index.php\/wp-json\/wp\/v2\/users\/2"}],"replies":[{"embeddable":true,"href":"https:\/\/cronicadesoledad.com\/index.php\/wp-json\/wp\/v2\/comments?post=22906"}],"version-history":[{"count":1,"href":"https:\/\/cronicadesoledad.com\/index.php\/wp-json\/wp\/v2\/posts\/22906\/revisions"}],"predecessor-version":[{"id":22908,"href":"https:\/\/cronicadesoledad.com\/index.php\/wp-json\/wp\/v2\/posts\/22906\/revisions\/22908"}],"wp:featuredmedia":[{"embeddable":true,"href":"https:\/\/cronicadesoledad.com\/index.php\/wp-json\/wp\/v2\/media\/22907"}],"wp:attachment":[{"href":"https:\/\/cronicadesoledad.com\/index.php\/wp-json\/wp\/v2\/media?parent=22906"}],"wp:term":[{"taxonomy":"category","embeddable":true,"href":"https:\/\/cronicadesoledad.com\/index.php\/wp-json\/wp\/v2\/categories?post=22906"},{"taxonomy":"post_tag","embeddable":true,"href":"https:\/\/cronicadesoledad.com\/index.php\/wp-json\/wp\/v2\/tags?post=22906"}],"curies":[{"name":"wp","href":"https:\/\/api.w.org\/{rel}","templated":true}]}}