{"id":22947,"date":"2025-09-15T18:56:20","date_gmt":"2025-09-16T00:56:20","guid":{"rendered":"https:\/\/cronicadesoledad.com\/?p=22947"},"modified":"2025-09-15T18:56:20","modified_gmt":"2025-09-16T00:56:20","slug":"gobierno-de-soledad-de-graciano-sanchez-acerca-vacunacion-a-estudiantes-de-preescolar-2","status":"publish","type":"post","link":"https:\/\/cronicadesoledad.com\/index.php\/2025\/09\/15\/gobierno-de-soledad-de-graciano-sanchez-acerca-vacunacion-a-estudiantes-de-preescolar-2\/","title":{"rendered":"Gobierno de Soledad de Graciano S\u00e1nchez acerca vacunaci\u00f3n a estudiantes de preescolar"},"content":{"rendered":"\n<p>El <strong>Gobierno Municipal de Soledad de Graciano S\u00e1nchez<\/strong>, en coordinaci\u00f3n con la <strong>Unidad de Medicina Familiar<\/strong> y los <strong>Servicios de Salud<\/strong>, puso en marcha la campa\u00f1a de vacunaci\u00f3n <strong>\u201cSarampi\u00f3n, Rub\u00e9ola y DPT\u201d<\/strong>, dirigida a ni\u00f1as y ni\u00f1os de preescolar de distintos planteles educativos. Esta acci\u00f3n busca reforzar el compromiso del <strong>Alcalde Juan Manuel Navarro Mu\u00f1iz<\/strong> con la protecci\u00f3n de la ni\u00f1ez y mantener una atenci\u00f3n cercana a las familias del municipio.<\/p>\n\n\n\n<p>El calendario de vacunaci\u00f3n contempla diversas instituciones: el mi\u00e9rcoles 17 de septiembre en el <strong>Instituto Gabilondo Soler<\/strong>; el jueves 18 en el <strong>jard\u00edn de ni\u00f1os Guadalupe Rodea de J.<\/strong> en la cabecera municipal; el viernes 19 en el <strong>jard\u00edn de ni\u00f1os Moctezuma<\/strong> de la colonia San Felipe; el lunes 22 en el <strong>jard\u00edn de ni\u00f1os Manuel Gonz\u00e1lez<\/strong>, tambi\u00e9n en San Felipe. Posteriormente, el martes 23 en el <strong>Instituto San Javier<\/strong>; el mi\u00e9rcoles 24 en el <strong>Instituto Miguel de Cervantes<\/strong>; el jueves 25 en el <strong>jard\u00edn de ni\u00f1os Pablo Neruda<\/strong> en la colonia Azaleas; y el lunes 29 de septiembre en el <strong>jard\u00edn de ni\u00f1os Valent\u00edn Gama<\/strong>, en la colonia Morelos.<\/p>\n\n\n\n<p>Las familias deber\u00e1n presentar la <strong>cartilla de vacunaci\u00f3n<\/strong> de sus hijos en cada sede, en un horario de 11:00 a 13:00 horas, para garantizar la correcta aplicaci\u00f3n de las dosis. La coordinaci\u00f3n entre el <strong>Ayuntamiento<\/strong> y las instituciones de salud asegura un proceso ordenado y eficiente, con atenci\u00f3n directa a la poblaci\u00f3n infantil.<\/p>\n\n\n\n<p>Con estas acciones, el <strong>Gobierno Municipal de Soledad de Graciano S\u00e1nchez<\/strong> reafirma su compromiso con la <strong>salud preventiva<\/strong>, la protecci\u00f3n de la ni\u00f1ez y el acompa\u00f1amiento cercano a las familias, asegurando que los servicios m\u00e9dicos lleguen de manera efectiva a quienes m\u00e1s lo necesitan.<\/p>\n","protected":false},"excerpt":{"rendered":"<p>El Gobierno Municipal de Soledad de Graciano S\u00e1nchez, en coordinaci\u00f3n con la Unidad de Medicina Familiar y los Servicios de Salud, puso en marcha la campa\u00f1a de vacunaci\u00f3n \u201cSarampi\u00f3n, Rub\u00e9ola y DPT\u201d, dirigida a ni\u00f1as y ni\u00f1os de preescolar de distintos planteles educativos. Esta acci\u00f3n busca reforzar el compromiso del Alcalde Juan Manuel Navarro Mu\u00f1iz [&hellip;]<\/p>\n","protected":false},"author":2,"featured_media":22948,"comment_status":"open","ping_status":"open","sticky":false,"template":"","format":"standard","meta":{"footnotes":""},"categories":[1,24,21],"tags":[223,294,4820,261,27,1124],"class_list":{"0":"post-22947","1":"post","2":"type-post","3":"status-publish","4":"format-standard","5":"has-post-thumbnail","7":"category-destacadas","8":"category-informacion-general","9":"category-tu-soledad","10":"tag-ayuntamiento-soledense","11":"tag-san-luis","12":"tag-servicios-de-salud","13":"tag-slp","14":"tag-soledad","15":"tag-ubr"},"_links":{"self":[{"href":"https:\/\/cronicadesoledad.com\/index.php\/wp-json\/wp\/v2\/posts\/22947","targetHints":{"allow":["GET"]}}],"collection":[{"href":"https:\/\/cronicadesoledad.com\/index.php\/wp-json\/wp\/v2\/posts"}],"about":[{"href":"https:\/\/cronicadesoledad.com\/index.php\/wp-json\/wp\/v2\/types\/post"}],"author":[{"embeddable":true,"href":"https:\/\/cronicadesoledad.com\/index.php\/wp-json\/wp\/v2\/users\/2"}],"replies":[{"embeddable":true,"href":"https:\/\/cronicadesoledad.com\/index.php\/wp-json\/wp\/v2\/comments?post=22947"}],"version-history":[{"count":1,"href":"https:\/\/cronicadesoledad.com\/index.php\/wp-json\/wp\/v2\/posts\/22947\/revisions"}],"predecessor-version":[{"id":22949,"href":"https:\/\/cronicadesoledad.com\/index.php\/wp-json\/wp\/v2\/posts\/22947\/revisions\/22949"}],"wp:featuredmedia":[{"embeddable":true,"href":"https:\/\/cronicadesoledad.com\/index.php\/wp-json\/wp\/v2\/media\/22948"}],"wp:attachment":[{"href":"https:\/\/cronicadesoledad.com\/index.php\/wp-json\/wp\/v2\/media?parent=22947"}],"wp:term":[{"taxonomy":"category","embeddable":true,"href":"https:\/\/cronicadesoledad.com\/index.php\/wp-json\/wp\/v2\/categories?post=22947"},{"taxonomy":"post_tag","embeddable":true,"href":"https:\/\/cronicadesoledad.com\/index.php\/wp-json\/wp\/v2\/tags?post=22947"}],"curies":[{"name":"wp","href":"https:\/\/api.w.org\/{rel}","templated":true}]}}