{"id":22950,"date":"2025-09-15T18:59:27","date_gmt":"2025-09-16T00:59:27","guid":{"rendered":"https:\/\/cronicadesoledad.com\/?p=22950"},"modified":"2025-09-15T18:59:27","modified_gmt":"2025-09-16T00:59:27","slug":"estas-nuevas-aulas-son-un-impulso-a-la-preparacion-de-nuestros-hijos-madres-y-padres-de-familia","status":"publish","type":"post","link":"https:\/\/cronicadesoledad.com\/index.php\/2025\/09\/15\/estas-nuevas-aulas-son-un-impulso-a-la-preparacion-de-nuestros-hijos-madres-y-padres-de-familia\/","title":{"rendered":"Estas nuevas aulas son un impulso a la preparaci\u00f3n de nuestros hijos: madres y padres de familia"},"content":{"rendered":"\n<p>Madres y padres de familia de las escuelas primarias <strong>\u201cHimno Nacional\u201d<\/strong> y <strong>\u201cFrancisco Eppens\u201d<\/strong> compartieron su agradecimiento al <strong>Alcalde Juan Manuel Navarro Mu\u00f1iz<\/strong>, tras la entrega de dos nuevas aulas did\u00e1cticas que, afirmaron, representan un cambio real en el desarrollo de sus hijas, hijos y nietos. Para la comunidad escolar, contar con espacios dignos y modernos es una oportunidad que fortalece la educaci\u00f3n y la convivencia, brindando tranquilidad y esperanza en el futuro de la ni\u00f1ez soledense.<\/p>\n\n\n\n<p><strong>Sandra Araceli Rivera<\/strong>, abuela de dos alumnos, expres\u00f3 con emoci\u00f3n el impacto que estas acciones han tenido en la instituci\u00f3n y en su familia: \u201cMi nieto tiene 6 a\u00f1os y ya est\u00e1 en sexto, en los \u00faltimos a\u00f1os ha habido mucha mejor\u00eda, demasiada, nos han apoyado con el techo, la fachada y ahora con estas dos aulas, espero que sigamos contando con este respaldo y agradezco tambi\u00e9n al Gobernador; las familias queremos seguir adelante por un Soledad mejor\u201d.<\/p>\n\n\n\n<p>Por su parte, <strong>Monserrat Azanza<\/strong>, madre de familia, se\u00f1al\u00f3 que las nuevas aulas son un aliciente para las generaciones actuales y futuras: \u201cS\u00ed hemos visto un buen avance con estas obras, le damos gracias al licenciado Juan Manuel Navarro por todo el apoyo y la oportunidad de crecimiento para nuestra escuela; esta infraestructura motiva a todos a seguir adelante y representa un crecimiento muy importante para las nuevas generaciones\u201d.<\/p>\n\n\n\n<p>En el mismo sentido, <strong>C\u00e9sar Reyna Hern\u00e1ndez<\/strong> subray\u00f3 la importancia de los espacios en la formaci\u00f3n de las y los ni\u00f1os: \u201cEstas nuevas aulas funcionan mucho para el desarrollo de los ni\u00f1os, les dan mejores medios para el aprendizaje y generan una comunidad educativa arm\u00f3nica. Quiero agradecer al Alcalde Juan Manuel Navarro porque s\u00e9 que le gusta llevar desarrollo a la ni\u00f1ez y a las comunidades; gracias a ese apoyo, las familias tenemos una mejor calidad de vida\u201d.<\/p>\n\n\n\n<p>El <strong>Gobierno Municipal de Soledad de Graciano S\u00e1nchez<\/strong>, encabezado por el <strong>Alcalde Juan Manuel Navarro<\/strong>, entreg\u00f3 recientemente la construcci\u00f3n de dos aulas did\u00e1cticas con mobiliario b\u00e1sico y obras complementarias. Esta inversi\u00f3n beneficia directamente a <strong>436 estudiantes<\/strong>, reafirmando as\u00ed el compromiso de la administraci\u00f3n con escuchar, atender y resolver las necesidades de las familias y del sector educativo.<\/p>\n","protected":false},"excerpt":{"rendered":"<p>Madres y padres de familia de las escuelas primarias \u201cHimno Nacional\u201d y \u201cFrancisco Eppens\u201d compartieron su agradecimiento al Alcalde Juan Manuel Navarro Mu\u00f1iz, tras la entrega de dos nuevas aulas did\u00e1cticas que, afirmaron, representan un cambio real en el desarrollo de sus hijas, hijos y nietos. Para la comunidad escolar, contar con espacios dignos y [&hellip;]<\/p>\n","protected":false},"author":2,"featured_media":22951,"comment_status":"open","ping_status":"open","sticky":false,"template":"","format":"standard","meta":{"footnotes":""},"categories":[1,24,21],"tags":[3678,223,1888,294,261,27],"class_list":{"0":"post-22950","1":"post","2":"type-post","3":"status-publish","4":"format-standard","5":"has-post-thumbnail","7":"category-destacadas","8":"category-informacion-general","9":"category-tu-soledad","10":"tag-aulas","11":"tag-ayuntamiento-soledense","12":"tag-educacion-2","13":"tag-san-luis","14":"tag-slp","15":"tag-soledad"},"_links":{"self":[{"href":"https:\/\/cronicadesoledad.com\/index.php\/wp-json\/wp\/v2\/posts\/22950","targetHints":{"allow":["GET"]}}],"collection":[{"href":"https:\/\/cronicadesoledad.com\/index.php\/wp-json\/wp\/v2\/posts"}],"about":[{"href":"https:\/\/cronicadesoledad.com\/index.php\/wp-json\/wp\/v2\/types\/post"}],"author":[{"embeddable":true,"href":"https:\/\/cronicadesoledad.com\/index.php\/wp-json\/wp\/v2\/users\/2"}],"replies":[{"embeddable":true,"href":"https:\/\/cronicadesoledad.com\/index.php\/wp-json\/wp\/v2\/comments?post=22950"}],"version-history":[{"count":1,"href":"https:\/\/cronicadesoledad.com\/index.php\/wp-json\/wp\/v2\/posts\/22950\/revisions"}],"predecessor-version":[{"id":22952,"href":"https:\/\/cronicadesoledad.com\/index.php\/wp-json\/wp\/v2\/posts\/22950\/revisions\/22952"}],"wp:featuredmedia":[{"embeddable":true,"href":"https:\/\/cronicadesoledad.com\/index.php\/wp-json\/wp\/v2\/media\/22951"}],"wp:attachment":[{"href":"https:\/\/cronicadesoledad.com\/index.php\/wp-json\/wp\/v2\/media?parent=22950"}],"wp:term":[{"taxonomy":"category","embeddable":true,"href":"https:\/\/cronicadesoledad.com\/index.php\/wp-json\/wp\/v2\/categories?post=22950"},{"taxonomy":"post_tag","embeddable":true,"href":"https:\/\/cronicadesoledad.com\/index.php\/wp-json\/wp\/v2\/tags?post=22950"}],"curies":[{"name":"wp","href":"https:\/\/api.w.org\/{rel}","templated":true}]}}