{"id":22957,"date":"2025-09-16T13:46:18","date_gmt":"2025-09-16T19:46:18","guid":{"rendered":"https:\/\/cronicadesoledad.com\/?p=22957"},"modified":"2025-09-16T13:46:19","modified_gmt":"2025-09-16T19:46:19","slug":"continua-en-ascenso-la-cifra-de-muertos-por-explosion-en-iztapalapa","status":"publish","type":"post","link":"https:\/\/cronicadesoledad.com\/index.php\/2025\/09\/16\/continua-en-ascenso-la-cifra-de-muertos-por-explosion-en-iztapalapa\/","title":{"rendered":"Contin\u00faa en ascenso la cifra de muertos por explosi\u00f3n en Iztapalapa"},"content":{"rendered":"\n<p>Ciudad de M\u00e9xico.- Suman 17 personas sin vida por explosi\u00f3n de una pipa de gas en la alcald\u00eda Iztapalapa, esto seg\u00fan el comunicado oficial emitido por Secretar\u00eda de Salud de la Ciudad de M\u00e9xico, en su p\u00e1gina de Facebook, con cifras actualizadas a las 10 de la ma\u00f1ana de este martes 16 de septiembre. <\/p>\n\n\n\n<p>Seg\u00fan el comunicado, hay 31 personas que ya fueron dadas de alta, y 35 que contin\u00faan hospitalizadas. De este \u00faltimo grupo, hay 9 menores de edad, de 1 a\u00f1o y medio hasta 17 a\u00f1os de edad, de los cuales, una f\u00e9mina de dos a\u00f1os ya fue transferida a un nosocomio estadounidense. <\/p>\n\n\n\n<p>La informaci\u00f3n de la instituci\u00f3n no desglosa el estado de salud de cada hospitalizado, ni las condiciones de salud de los que fueron dados de alta y si deben de seguir tratamientos. <\/p>\n\n\n\n<p>En contraste, varios medios de comunicaci\u00f3n de la capital se han dado a la tarea de recabar entrevistas con ciudadanos que fueron testigos de la explosi\u00f3n en el Puente la Concordia en la alcald\u00eda Iztapalapa, quienes aseguran que la cifra de v\u00edctimas es mayor, pues fueron varias personas auxiliadas por vecinos y transe\u00fantes que presenciaron el accidente el pasado 10 de septiembre. <\/p>\n","protected":false},"excerpt":{"rendered":"<p>Ciudad de M\u00e9xico.- Suman 17 personas sin vida por explosi\u00f3n de una pipa de gas en la alcald\u00eda Iztapalapa, esto seg\u00fan el comunicado oficial emitido por Secretar\u00eda de Salud de la Ciudad de M\u00e9xico, en su p\u00e1gina de Facebook, con cifras actualizadas a las 10 de la ma\u00f1ana de este martes 16 de septiembre. Seg\u00fan [&hellip;]<\/p>\n","protected":false},"author":1,"featured_media":22958,"comment_status":"open","ping_status":"open","sticky":false,"template":"","format":"standard","meta":{"footnotes":""},"categories":[24,3258],"tags":[498,287],"class_list":{"0":"post-22957","1":"post","2":"type-post","3":"status-publish","4":"format-standard","5":"has-post-thumbnail","7":"category-informacion-general","8":"category-nacionales","9":"tag-cdmx","10":"tag-nacional"},"_links":{"self":[{"href":"https:\/\/cronicadesoledad.com\/index.php\/wp-json\/wp\/v2\/posts\/22957","targetHints":{"allow":["GET"]}}],"collection":[{"href":"https:\/\/cronicadesoledad.com\/index.php\/wp-json\/wp\/v2\/posts"}],"about":[{"href":"https:\/\/cronicadesoledad.com\/index.php\/wp-json\/wp\/v2\/types\/post"}],"author":[{"embeddable":true,"href":"https:\/\/cronicadesoledad.com\/index.php\/wp-json\/wp\/v2\/users\/1"}],"replies":[{"embeddable":true,"href":"https:\/\/cronicadesoledad.com\/index.php\/wp-json\/wp\/v2\/comments?post=22957"}],"version-history":[{"count":1,"href":"https:\/\/cronicadesoledad.com\/index.php\/wp-json\/wp\/v2\/posts\/22957\/revisions"}],"predecessor-version":[{"id":22959,"href":"https:\/\/cronicadesoledad.com\/index.php\/wp-json\/wp\/v2\/posts\/22957\/revisions\/22959"}],"wp:featuredmedia":[{"embeddable":true,"href":"https:\/\/cronicadesoledad.com\/index.php\/wp-json\/wp\/v2\/media\/22958"}],"wp:attachment":[{"href":"https:\/\/cronicadesoledad.com\/index.php\/wp-json\/wp\/v2\/media?parent=22957"}],"wp:term":[{"taxonomy":"category","embeddable":true,"href":"https:\/\/cronicadesoledad.com\/index.php\/wp-json\/wp\/v2\/categories?post=22957"},{"taxonomy":"post_tag","embeddable":true,"href":"https:\/\/cronicadesoledad.com\/index.php\/wp-json\/wp\/v2\/tags?post=22957"}],"curies":[{"name":"wp","href":"https:\/\/api.w.org\/{rel}","templated":true}]}}