{"id":22971,"date":"2025-09-16T15:54:18","date_gmt":"2025-09-16T21:54:18","guid":{"rendered":"https:\/\/cronicadesoledad.com\/?p=22971"},"modified":"2025-09-16T15:55:29","modified_gmt":"2025-09-16T21:55:29","slug":"integrantes-de-comunidades-indigenas-se-pronuncian-en-contra-del-fraking","status":"publish","type":"post","link":"https:\/\/cronicadesoledad.com\/index.php\/2025\/09\/16\/integrantes-de-comunidades-indigenas-se-pronuncian-en-contra-del-fraking\/","title":{"rendered":"Integrantes de comunidades indigenas se pronuncian en contra del Fraking"},"content":{"rendered":"\n<p><strong>San Luis Potos\u00ed, S.L.P.\u2013<\/strong>\u00a0Mediante un comunicado difundido en redes sociales, comunidades t\u00e9nek y n\u00e1huatl de la Huasteca potosina dieron a conocer los resultados de la asamblea regional que realizaron el pasado fin de semana en las inmediaciones de la radiodifusora XEANT, Radio de las Huastecas en defensa de su tierra y en contra del Fraking y la asignacion de fondos federales.<\/p>\n\n\n\n<p>De acuerdo con el mensaje, en la reuni\u00f3n participaron autoridades comunitarias, vecinos, l\u00edderes comunales y representantes ind\u00edgenas a nivel nacional. El encuentro tuvo como temas centrales la t\u00e9cnica de fractura hidr\u00e1ulica (fracking) y el estado del Fondo de Aportaci\u00f3n para la Infraestructura Social de Pueblos Ind\u00edgenas y Afro Mexicanos (FAISPIAM).<\/p>\n\n\n\n<p>En el caso del fracking, las comunidades expresaron su preocupaci\u00f3n por los posibles efectos sobre las fuentes de agua y las actividades agr\u00edcolas de la regi\u00f3n. Asimismo, se\u00f1alaron que no se ha realizado una consulta previa ni transparente sobre proyectos relacionados con esta pr\u00e1ctica.Respecto al FAISPIAM, se present\u00f3 un informe sobre la ejecuci\u00f3n de los recursos asignados.<\/p>\n\n\n\n<p>El comunicado indic\u00f3 que existen dudas sobre la destinaci\u00f3n de los fondos y su manejo por parte de la Secretar\u00eda del Bienestar en San Luis Potos\u00ed. Como parte de los acuerdos, se plante\u00f3 la necesidad de que las comunidades participen de manera directa en la definici\u00f3n y supervisi\u00f3n de los proyectos financiados con estos recursos.<\/p>\n\n\n\n<p>El pronunciamiento difundido en redes sociales concluye que la asamblea manifest\u00f3 de manera mayoritaria su rechazo al fracking y que continuar\u00e1 dando seguimiento a la aplicaci\u00f3n del FAISPIAM en la regi\u00f3n.<\/p>\n","protected":false},"excerpt":{"rendered":"<p>San Luis Potos\u00ed, S.L.P.\u2013\u00a0Mediante un comunicado difundido en redes sociales, comunidades t\u00e9nek y n\u00e1huatl de la Huasteca potosina dieron a conocer los resultados de la asamblea regional que realizaron el pasado fin de semana en las inmediaciones de la radiodifusora XEANT, Radio de las Huastecas en defensa de su tierra y en contra del Fraking [&hellip;]<\/p>\n","protected":false},"author":1,"featured_media":22973,"comment_status":"open","ping_status":"open","sticky":false,"template":"","format":"standard","meta":{"footnotes":""},"categories":[24],"tags":[287,261],"class_list":{"0":"post-22971","1":"post","2":"type-post","3":"status-publish","4":"format-standard","5":"has-post-thumbnail","7":"category-informacion-general","8":"tag-nacional","9":"tag-slp"},"_links":{"self":[{"href":"https:\/\/cronicadesoledad.com\/index.php\/wp-json\/wp\/v2\/posts\/22971","targetHints":{"allow":["GET"]}}],"collection":[{"href":"https:\/\/cronicadesoledad.com\/index.php\/wp-json\/wp\/v2\/posts"}],"about":[{"href":"https:\/\/cronicadesoledad.com\/index.php\/wp-json\/wp\/v2\/types\/post"}],"author":[{"embeddable":true,"href":"https:\/\/cronicadesoledad.com\/index.php\/wp-json\/wp\/v2\/users\/1"}],"replies":[{"embeddable":true,"href":"https:\/\/cronicadesoledad.com\/index.php\/wp-json\/wp\/v2\/comments?post=22971"}],"version-history":[{"count":1,"href":"https:\/\/cronicadesoledad.com\/index.php\/wp-json\/wp\/v2\/posts\/22971\/revisions"}],"predecessor-version":[{"id":22972,"href":"https:\/\/cronicadesoledad.com\/index.php\/wp-json\/wp\/v2\/posts\/22971\/revisions\/22972"}],"wp:featuredmedia":[{"embeddable":true,"href":"https:\/\/cronicadesoledad.com\/index.php\/wp-json\/wp\/v2\/media\/22973"}],"wp:attachment":[{"href":"https:\/\/cronicadesoledad.com\/index.php\/wp-json\/wp\/v2\/media?parent=22971"}],"wp:term":[{"taxonomy":"category","embeddable":true,"href":"https:\/\/cronicadesoledad.com\/index.php\/wp-json\/wp\/v2\/categories?post=22971"},{"taxonomy":"post_tag","embeddable":true,"href":"https:\/\/cronicadesoledad.com\/index.php\/wp-json\/wp\/v2\/tags?post=22971"}],"curies":[{"name":"wp","href":"https:\/\/api.w.org\/{rel}","templated":true}]}}