{"id":22992,"date":"2025-09-17T13:28:59","date_gmt":"2025-09-17T19:28:59","guid":{"rendered":"https:\/\/cronicadesoledad.com\/?p=22992"},"modified":"2025-09-17T13:28:59","modified_gmt":"2025-09-17T19:28:59","slug":"dos-bebes-siguen-internados-por-explosion-de-pipa-en-iztapalapa","status":"publish","type":"post","link":"https:\/\/cronicadesoledad.com\/index.php\/2025\/09\/17\/dos-bebes-siguen-internados-por-explosion-de-pipa-en-iztapalapa\/","title":{"rendered":"Dos beb\u00e9s siguen internados por explosi\u00f3n de pipa en Iztapalapa"},"content":{"rendered":"\n<p>Ciudad de M\u00e9xico.- Seg\u00fan la Secretar\u00eda de Salud de la Ciudad de M\u00e9xico (Sedesa), hay dos masculinos, uno de 2 a\u00f1os de edad y otro de 1.5 a\u00f1os de edad, que contin\u00faan internados por quemaduras que sufrieron durante la explosi\u00f3n de pipa de gas, suscitado el pasado mi\u00e9rcoles 10 de septiembre en el puente la Concordia, en la alcald\u00eda Iztapalapa. <\/p>\n\n\n\n<p>Seg\u00fan la informaci\u00f3n publicada por la Sedesa, se reporta como muy grave el estado de salud de los menores identificados como Uriel Antonio e Isai Santiago. Pero la autoridad no ha reportado a profundidad los detalles de salud de los ni\u00f1os, solamente se ha informado el traslado de una f\u00e9mina de dos a\u00f1os de edad a un hospital de especialidades en Estados Unidos de Am\u00e9rica. <\/p>\n\n\n\n<p>La ma\u00f1ana de este mi\u00e9rcoles 17 de septiembre, la secretar\u00eda confirm\u00f3 que se sum\u00f3 un fallecido m\u00e1s a la cifra que ha dejado el estallido en Iztapalapa. <\/p>\n\n\n\n<p>Finalmente, la autoridad no ha informado cu\u00e1l es el trato o seguimiento que se le otorgar\u00e1 a las v\u00edctimas que ya fueron dadas de alta o a los familiares que perdieron a sus seres queridos. <\/p>\n","protected":false},"excerpt":{"rendered":"<p>Ciudad de M\u00e9xico.- Seg\u00fan la Secretar\u00eda de Salud de la Ciudad de M\u00e9xico (Sedesa), hay dos masculinos, uno de 2 a\u00f1os de edad y otro de 1.5 a\u00f1os de edad, que contin\u00faan internados por quemaduras que sufrieron durante la explosi\u00f3n de pipa de gas, suscitado el pasado mi\u00e9rcoles 10 de septiembre en el puente la [&hellip;]<\/p>\n","protected":false},"author":1,"featured_media":22993,"comment_status":"open","ping_status":"open","sticky":false,"template":"","format":"standard","meta":{"footnotes":""},"categories":[24],"tags":[287],"class_list":{"0":"post-22992","1":"post","2":"type-post","3":"status-publish","4":"format-standard","5":"has-post-thumbnail","7":"category-informacion-general","8":"tag-nacional"},"_links":{"self":[{"href":"https:\/\/cronicadesoledad.com\/index.php\/wp-json\/wp\/v2\/posts\/22992","targetHints":{"allow":["GET"]}}],"collection":[{"href":"https:\/\/cronicadesoledad.com\/index.php\/wp-json\/wp\/v2\/posts"}],"about":[{"href":"https:\/\/cronicadesoledad.com\/index.php\/wp-json\/wp\/v2\/types\/post"}],"author":[{"embeddable":true,"href":"https:\/\/cronicadesoledad.com\/index.php\/wp-json\/wp\/v2\/users\/1"}],"replies":[{"embeddable":true,"href":"https:\/\/cronicadesoledad.com\/index.php\/wp-json\/wp\/v2\/comments?post=22992"}],"version-history":[{"count":1,"href":"https:\/\/cronicadesoledad.com\/index.php\/wp-json\/wp\/v2\/posts\/22992\/revisions"}],"predecessor-version":[{"id":22994,"href":"https:\/\/cronicadesoledad.com\/index.php\/wp-json\/wp\/v2\/posts\/22992\/revisions\/22994"}],"wp:featuredmedia":[{"embeddable":true,"href":"https:\/\/cronicadesoledad.com\/index.php\/wp-json\/wp\/v2\/media\/22993"}],"wp:attachment":[{"href":"https:\/\/cronicadesoledad.com\/index.php\/wp-json\/wp\/v2\/media?parent=22992"}],"wp:term":[{"taxonomy":"category","embeddable":true,"href":"https:\/\/cronicadesoledad.com\/index.php\/wp-json\/wp\/v2\/categories?post=22992"},{"taxonomy":"post_tag","embeddable":true,"href":"https:\/\/cronicadesoledad.com\/index.php\/wp-json\/wp\/v2\/tags?post=22992"}],"curies":[{"name":"wp","href":"https:\/\/api.w.org\/{rel}","templated":true}]}}