{"id":23030,"date":"2025-09-18T13:37:40","date_gmt":"2025-09-18T19:37:40","guid":{"rendered":"https:\/\/cronicadesoledad.com\/?p=23030"},"modified":"2025-09-18T13:37:40","modified_gmt":"2025-09-18T19:37:40","slug":"hija-del-alcalde-de-rioverde-muestra-fotografias-con-arma-de-fuego","status":"publish","type":"post","link":"https:\/\/cronicadesoledad.com\/index.php\/2025\/09\/18\/hija-del-alcalde-de-rioverde-muestra-fotografias-con-arma-de-fuego\/","title":{"rendered":"Hija del Alcalde de Rioverde Muestra Fotograf\u00edas con Arma de Fuego"},"content":{"rendered":"\n<p>Rioverde, SLP.- La reciente difusi\u00f3n de im\u00e1genes de la hija del alcalde del municipio de Rioverde, Arnulfo Urbiola Rom\u00e1n, portando un arma de fuego ha desatado la indignaci\u00f3n de la comunidad. Estas fotograf\u00edas, que se han vuelto virales en las redes sociales, han generado un fuerte debate en un contexto marcado por la violencia e inseguridad que afecta al municipio.<\/p>\n\n\n\n<p>La situaci\u00f3n es particularmente delicada en una localidad donde los habitantes enfrentan diariamente las consecuencias de la inseguridad. Muchos consideran que la actitud de la joven es una falta de respeto hacia las familias que sufren la p\u00e9rdida de sus seres queridos y hacia aquellos que viven en constante temor.<\/p>\n\n\n\n<p>Este incidente plantea serias interrogantes sobre si el uso de armas por parte de la joven es legal o simplemente una pr\u00e1ctica que la familia del alcalde tolera.<\/p>\n\n\n\n<p>Seg\u00fan testimonios de los residentes, no es la primera vez que los miembros de la familia Urbiola exhiben armas de manera llamativa. Se ha reportado que otros hijos del alcalde tambi\u00e9n han sido vistos en situaciones similares en lugares p\u00fablicos, frecuentemente acompa\u00f1ados de escoltas, a quienes se relaciona con grupos criminales que operan en la zona.<\/p>\n","protected":false},"excerpt":{"rendered":"<p>Rioverde, SLP.- La reciente difusi\u00f3n de im\u00e1genes de la hija del alcalde del municipio de Rioverde, Arnulfo Urbiola Rom\u00e1n, portando un arma de fuego ha desatado la indignaci\u00f3n de la comunidad. Estas fotograf\u00edas, que se han vuelto virales en las redes sociales, han generado un fuerte debate en un contexto marcado por la violencia e [&hellip;]<\/p>\n","protected":false},"author":1,"featured_media":23031,"comment_status":"open","ping_status":"open","sticky":false,"template":"","format":"standard","meta":{"footnotes":""},"categories":[24],"tags":[3615,261],"class_list":{"0":"post-23030","1":"post","2":"type-post","3":"status-publish","4":"format-standard","5":"has-post-thumbnail","7":"category-informacion-general","8":"tag-rioverde","9":"tag-slp"},"_links":{"self":[{"href":"https:\/\/cronicadesoledad.com\/index.php\/wp-json\/wp\/v2\/posts\/23030","targetHints":{"allow":["GET"]}}],"collection":[{"href":"https:\/\/cronicadesoledad.com\/index.php\/wp-json\/wp\/v2\/posts"}],"about":[{"href":"https:\/\/cronicadesoledad.com\/index.php\/wp-json\/wp\/v2\/types\/post"}],"author":[{"embeddable":true,"href":"https:\/\/cronicadesoledad.com\/index.php\/wp-json\/wp\/v2\/users\/1"}],"replies":[{"embeddable":true,"href":"https:\/\/cronicadesoledad.com\/index.php\/wp-json\/wp\/v2\/comments?post=23030"}],"version-history":[{"count":1,"href":"https:\/\/cronicadesoledad.com\/index.php\/wp-json\/wp\/v2\/posts\/23030\/revisions"}],"predecessor-version":[{"id":23032,"href":"https:\/\/cronicadesoledad.com\/index.php\/wp-json\/wp\/v2\/posts\/23030\/revisions\/23032"}],"wp:featuredmedia":[{"embeddable":true,"href":"https:\/\/cronicadesoledad.com\/index.php\/wp-json\/wp\/v2\/media\/23031"}],"wp:attachment":[{"href":"https:\/\/cronicadesoledad.com\/index.php\/wp-json\/wp\/v2\/media?parent=23030"}],"wp:term":[{"taxonomy":"category","embeddable":true,"href":"https:\/\/cronicadesoledad.com\/index.php\/wp-json\/wp\/v2\/categories?post=23030"},{"taxonomy":"post_tag","embeddable":true,"href":"https:\/\/cronicadesoledad.com\/index.php\/wp-json\/wp\/v2\/tags?post=23030"}],"curies":[{"name":"wp","href":"https:\/\/api.w.org\/{rel}","templated":true}]}}