{"id":23077,"date":"2025-09-19T21:30:52","date_gmt":"2025-09-20T03:30:52","guid":{"rendered":"https:\/\/cronicadesoledad.com\/?p=23077"},"modified":"2025-09-19T21:30:52","modified_gmt":"2025-09-20T03:30:52","slug":"gobierno-municipal-de-soledad-fortalece-cultura-de-prevencion-con-simulacros-en-el-dia-de-proteccion-civil","status":"publish","type":"post","link":"https:\/\/cronicadesoledad.com\/index.php\/2025\/09\/19\/gobierno-municipal-de-soledad-fortalece-cultura-de-prevencion-con-simulacros-en-el-dia-de-proteccion-civil\/","title":{"rendered":"Gobierno Municipal de Soledad fortalece cultura de prevenci\u00f3n con simulacros en el D\u00eda de Protecci\u00f3n Civil"},"content":{"rendered":"\n<p>El <strong>Gobierno Municipal de Soledad de Graciano S\u00e1nchez<\/strong> se sum\u00f3 al <strong>D\u00eda Nacional de Protecci\u00f3n Civil<\/strong> con la realizaci\u00f3n de dos simulacros simult\u00e1neos, alineados a los ejercicios nacionales, con el objetivo de fortalecer la cultura de prevenci\u00f3n y respuesta entre la ciudadan\u00eda. La coordinaci\u00f3n estuvo a cargo del <strong>Sistema Municipal de Protecci\u00f3n Civil<\/strong>, que despleg\u00f3 22 elementos, cuatro unidades y una ambulancia para garantizar el correcto desarrollo de las actividades.<\/p>\n\n\n\n<p>En el <strong>Hospital General de Soledad<\/strong>, se llev\u00f3 a cabo un ejercicio con la activa participaci\u00f3n de pacientes, familiares y personal de salud, logrando desalojar en seis minutos con 45 segundos a un total de 205 personas. El director de Protecci\u00f3n Civil Municipal, <strong>Mart\u00edn Bravo Galicia<\/strong>, destac\u00f3 que cada vez existe mayor conciencia ciudadana sobre la importancia de actuar con seriedad en estas pr\u00e1cticas, lo que contribuye a reducir riesgos y salvar vidas en caso de contingencia real.<\/p>\n\n\n\n<p>En la <strong>Plaza Citadina<\/strong> tambi\u00e9n se realiz\u00f3 un simulacro con la participaci\u00f3n de aproximadamente 250 personas, entre brigadistas, empleados y visitantes. Aunque se detectaron \u00e1reas de oportunidad en algunos comercios, el Ayuntamiento subray\u00f3 que estos ejercicios permiten evaluar y mejorar protocolos de actuaci\u00f3n, y reconoci\u00f3 la disposici\u00f3n de los establecimientos que mantienen contacto constante con Protecci\u00f3n Civil para capacitarse y reforzar medidas preventivas.<\/p>\n\n\n\n<p>\u201cEstos simulacros nos ayudan a medir tiempos de respuesta, a detectar \u00e1reas de mejora y sobre todo a generar conciencia en la ciudadan\u00eda, porque la prevenci\u00f3n es la clave para salvar vidas\u201d, se\u00f1al\u00f3 Bravo Galicia, quien exhort\u00f3 a la poblaci\u00f3n a sumarse en cada ejercicio. Con estas acciones, el Gobierno Municipal reitera su compromiso de estar cerca de la gente y promover de manera permanente la cultura de la prevenci\u00f3n y la preparaci\u00f3n.<\/p>\n","protected":false},"excerpt":{"rendered":"<p>El Gobierno Municipal de Soledad de Graciano S\u00e1nchez se sum\u00f3 al D\u00eda Nacional de Protecci\u00f3n Civil con la realizaci\u00f3n de dos simulacros simult\u00e1neos, alineados a los ejercicios nacionales, con el objetivo de fortalecer la cultura de prevenci\u00f3n y respuesta entre la ciudadan\u00eda. La coordinaci\u00f3n estuvo a cargo del Sistema Municipal de Protecci\u00f3n Civil, que despleg\u00f3 [&hellip;]<\/p>\n","protected":false},"author":2,"featured_media":23078,"comment_status":"open","ping_status":"open","sticky":false,"template":"","format":"standard","meta":{"footnotes":""},"categories":[1,24,21],"tags":[223,525,294,2721,261,27],"class_list":{"0":"post-23077","1":"post","2":"type-post","3":"status-publish","4":"format-standard","5":"has-post-thumbnail","7":"category-destacadas","8":"category-informacion-general","9":"category-tu-soledad","10":"tag-ayuntamiento-soledense","11":"tag-proteccion-civil","12":"tag-san-luis","13":"tag-simulacro","14":"tag-slp","15":"tag-soledad"},"_links":{"self":[{"href":"https:\/\/cronicadesoledad.com\/index.php\/wp-json\/wp\/v2\/posts\/23077","targetHints":{"allow":["GET"]}}],"collection":[{"href":"https:\/\/cronicadesoledad.com\/index.php\/wp-json\/wp\/v2\/posts"}],"about":[{"href":"https:\/\/cronicadesoledad.com\/index.php\/wp-json\/wp\/v2\/types\/post"}],"author":[{"embeddable":true,"href":"https:\/\/cronicadesoledad.com\/index.php\/wp-json\/wp\/v2\/users\/2"}],"replies":[{"embeddable":true,"href":"https:\/\/cronicadesoledad.com\/index.php\/wp-json\/wp\/v2\/comments?post=23077"}],"version-history":[{"count":1,"href":"https:\/\/cronicadesoledad.com\/index.php\/wp-json\/wp\/v2\/posts\/23077\/revisions"}],"predecessor-version":[{"id":23079,"href":"https:\/\/cronicadesoledad.com\/index.php\/wp-json\/wp\/v2\/posts\/23077\/revisions\/23079"}],"wp:featuredmedia":[{"embeddable":true,"href":"https:\/\/cronicadesoledad.com\/index.php\/wp-json\/wp\/v2\/media\/23078"}],"wp:attachment":[{"href":"https:\/\/cronicadesoledad.com\/index.php\/wp-json\/wp\/v2\/media?parent=23077"}],"wp:term":[{"taxonomy":"category","embeddable":true,"href":"https:\/\/cronicadesoledad.com\/index.php\/wp-json\/wp\/v2\/categories?post=23077"},{"taxonomy":"post_tag","embeddable":true,"href":"https:\/\/cronicadesoledad.com\/index.php\/wp-json\/wp\/v2\/tags?post=23077"}],"curies":[{"name":"wp","href":"https:\/\/api.w.org\/{rel}","templated":true}]}}