{"id":23098,"date":"2025-09-22T03:00:00","date_gmt":"2025-09-22T09:00:00","guid":{"rendered":"https:\/\/cronicadesoledad.com\/?p=23098"},"modified":"2025-09-22T00:46:30","modified_gmt":"2025-09-22T06:46:30","slug":"generaciones-se-reencuentran-para-celebrar-40-anos-de-la-facultad-de-ciencias-de-la-comunicacion","status":"publish","type":"post","link":"https:\/\/cronicadesoledad.com\/index.php\/2025\/09\/22\/generaciones-se-reencuentran-para-celebrar-40-anos-de-la-facultad-de-ciencias-de-la-comunicacion\/","title":{"rendered":"Generaciones se reencuentran para celebrar 40 a\u00f1os de la Facultad de Ciencias de la Comunicaci\u00f3n"},"content":{"rendered":"\n<p>En un ambiente lleno de nostalgia, alegr\u00eda y memorias compartidas, la Facultad de Ciencias de la Comunicaci\u00f3n de la Universidad Aut\u00f3noma de San Luis Potos\u00ed (UASLP) celebr\u00f3 su 40 aniversario con una cena-baile conmemorativa, realizada la noche del s\u00e1bado en el Edificio Central.<\/p>\n\n\n\n<p>El evento reuni\u00f3 a docentes, estudiantes actuales y egresados de distintas generaciones, quienes se dieron cita para conmemorar cuatro d\u00e9cadas de formaci\u00f3n acad\u00e9mica, crecimiento profesional y lazos que han perdurado con el paso del tiempo.<\/p>\n\n\n\n<p>Durante la velada, se ofrecieron alimentos, bebidas, espacios para la toma de fotograf\u00edas conmemorativas y m\u00fasica en vivo de los a\u00f1os 90\u2019s y 2000\u2019s que marc\u00f3 el ritmo de una celebraci\u00f3n que fue, m\u00e1s que una fiesta, un reencuentro de historias. Risas, abrazos y an\u00e9cdotas revivieron entre mesas decoradas con elementos que evocaban distintas \u00e9pocas de la facultad.<\/p>\n\n\n\n<p>Los asistentes coincidieron en que la cena-baile fue una oportunidad \u00fanica para reconectar con antiguos compa\u00f1eros, profesores y generaciones que marcaron huella en la vida universitaria y profesional de muchos.<\/p>\n\n\n\n<p>La organizaci\u00f3n del evento corri\u00f3 a cargo de personal acad\u00e9mico y administrativo de la facultad, quienes buscaron crear una experiencia significativa para toda la comunidad. \u201cEs incre\u00edble ver c\u00f3mo, a pesar del paso de los a\u00f1os, el cari\u00f1o por esta facultad y por la comunicaci\u00f3n sigue intacto. Esta noche nos record\u00f3 por qu\u00e9 elegimos este camino\u201d, coment\u00f3 uno de los egresados presentes.<\/p>\n","protected":false},"excerpt":{"rendered":"<p>En un ambiente lleno de nostalgia, alegr\u00eda y memorias compartidas, la Facultad de Ciencias de la Comunicaci\u00f3n de la Universidad Aut\u00f3noma de San Luis Potos\u00ed (UASLP) celebr\u00f3 su 40 aniversario con una cena-baile conmemorativa, realizada la noche del s\u00e1bado en el Edificio Central. El evento reuni\u00f3 a docentes, estudiantes actuales y egresados de distintas generaciones, [&hellip;]<\/p>\n","protected":false},"author":2,"featured_media":23099,"comment_status":"open","ping_status":"open","sticky":false,"template":"","format":"standard","meta":{"footnotes":""},"categories":[1,24,21],"tags":[4829,4757,294,261,150],"class_list":{"0":"post-23098","1":"post","2":"type-post","3":"status-publish","4":"format-standard","5":"has-post-thumbnail","7":"category-destacadas","8":"category-informacion-general","9":"category-tu-soledad","10":"tag-40-aniversario","11":"tag-facultad-de-ciencias-de-la-comunicacion","12":"tag-san-luis","13":"tag-slp","14":"tag-uaslp"},"_links":{"self":[{"href":"https:\/\/cronicadesoledad.com\/index.php\/wp-json\/wp\/v2\/posts\/23098","targetHints":{"allow":["GET"]}}],"collection":[{"href":"https:\/\/cronicadesoledad.com\/index.php\/wp-json\/wp\/v2\/posts"}],"about":[{"href":"https:\/\/cronicadesoledad.com\/index.php\/wp-json\/wp\/v2\/types\/post"}],"author":[{"embeddable":true,"href":"https:\/\/cronicadesoledad.com\/index.php\/wp-json\/wp\/v2\/users\/2"}],"replies":[{"embeddable":true,"href":"https:\/\/cronicadesoledad.com\/index.php\/wp-json\/wp\/v2\/comments?post=23098"}],"version-history":[{"count":1,"href":"https:\/\/cronicadesoledad.com\/index.php\/wp-json\/wp\/v2\/posts\/23098\/revisions"}],"predecessor-version":[{"id":23100,"href":"https:\/\/cronicadesoledad.com\/index.php\/wp-json\/wp\/v2\/posts\/23098\/revisions\/23100"}],"wp:featuredmedia":[{"embeddable":true,"href":"https:\/\/cronicadesoledad.com\/index.php\/wp-json\/wp\/v2\/media\/23099"}],"wp:attachment":[{"href":"https:\/\/cronicadesoledad.com\/index.php\/wp-json\/wp\/v2\/media?parent=23098"}],"wp:term":[{"taxonomy":"category","embeddable":true,"href":"https:\/\/cronicadesoledad.com\/index.php\/wp-json\/wp\/v2\/categories?post=23098"},{"taxonomy":"post_tag","embeddable":true,"href":"https:\/\/cronicadesoledad.com\/index.php\/wp-json\/wp\/v2\/tags?post=23098"}],"curies":[{"name":"wp","href":"https:\/\/api.w.org\/{rel}","templated":true}]}}