{"id":23113,"date":"2025-09-22T03:05:00","date_gmt":"2025-09-22T09:05:00","guid":{"rendered":"https:\/\/cronicadesoledad.com\/?p=23113"},"modified":"2025-09-22T01:01:35","modified_gmt":"2025-09-22T07:01:35","slug":"teresa-rivera-acevedo-rendira-primer-informe-municipal","status":"publish","type":"post","link":"https:\/\/cronicadesoledad.com\/index.php\/2025\/09\/22\/teresa-rivera-acevedo-rendira-primer-informe-municipal\/","title":{"rendered":"Teresa Rivera Acevedo rendir\u00e1 primer informe municipal"},"content":{"rendered":"\n<p>Este martes 23 de septiembre, Teresa de Jes\u00fas Rivera Acevedo, concejal presidenta del municipio de Villa de Pozos, presentar\u00e1 su Primer Informe de Gobierno para rendir cuentas ante la ciudadan\u00eda sobre los avances de su administraci\u00f3n. El municipio, restituido como entidad independiente en julio de 2024, mostrar\u00e1 lo logrado desde el inicio del gobierno municipal, con especial \u00e9nfasis en infraestructura urbana, servicios p\u00fablicos y recuperaci\u00f3n social.<\/p>\n\n\n\n<p>Rivera Acevedo ha se\u00f1alado que el informe reflejar\u00e1 obras de pavimentaci\u00f3n, rehabilitaci\u00f3n de vialidades y modernizaci\u00f3n del alumbrado p\u00fablico, adem\u00e1s de proyectos de mejora urbana. Tambi\u00e9n mencion\u00f3 apoyo directo a las familias para atender rezagos acumulados durante d\u00e9cadas, pues asegur\u00f3 que muchas colonias hab\u00edan quedado en el olvido durante m\u00e1s de treinta a\u00f1os.<\/p>\n\n\n\n<p>Entre los avances concretos que se presentar\u00e1n el martes se encuentran la construcci\u00f3n de aulas did\u00e1cticas en la preparatoria de Ciudad Sat\u00e9lite, reparaci\u00f3n de calles en m\u00e1s de 200 colonias, la creaci\u00f3n de servicios municipales desde cero, como la recolecci\u00f3n de basura, adquisici\u00f3n de camiones recolectores y mejoras en iluminaci\u00f3n p\u00fablica. Tambi\u00e9n destaca la gesti\u00f3n para atender temas de gesti\u00f3n h\u00eddrica y la municipalizaci\u00f3n de colonias rezagadas del municipio.<\/p>\n\n\n\n<p>La presidenta concejal ha descrito este primer a\u00f1o de gesti\u00f3n como \u201cun gobierno de ciudadan\u00eda\u201d, con la meta de sacar del rezago hist\u00f3rico al municipio de Villa de Pozos. En su mensaje se espera que reconozca la colaboraci\u00f3n ciudadana, el esfuerzo administrativo desde las direcciones municipales y el compromiso de continuar reforzando infraestructura b\u00e1sica, servicios esenciales y obra p\u00fablica. Este informe anticipa una etapa de consolidaci\u00f3n donde las carencias heredadas ser\u00e1n contrastadas con resultados tangibles. Tambi\u00e9n se espera que Rivera Acevedo anuncie l\u00edneas de acci\u00f3n para 2026, priorizando la inversi\u00f3n en infraestructura vial, equipamiento urbano, servicios sanitarios y mejoras habitacionales, as\u00ed como reforzar la transparencia y la cercan\u00eda con los habitantes de Villa de Pozos.<\/p>\n","protected":false},"excerpt":{"rendered":"<p>Este martes 23 de septiembre, Teresa de Jes\u00fas Rivera Acevedo, concejal presidenta del municipio de Villa de Pozos, presentar\u00e1 su Primer Informe de Gobierno para rendir cuentas ante la ciudadan\u00eda sobre los avances de su administraci\u00f3n. El municipio, restituido como entidad independiente en julio de 2024, mostrar\u00e1 lo logrado desde el inicio del gobierno municipal, [&hellip;]<\/p>\n","protected":false},"author":2,"featured_media":23114,"comment_status":"open","ping_status":"open","sticky":false,"template":"","format":"standard","meta":{"footnotes":""},"categories":[1,24,3175],"tags":[2829,4787,294,261,1068],"class_list":{"0":"post-23113","1":"post","2":"type-post","3":"status-publish","4":"format-standard","5":"has-post-thumbnail","7":"category-destacadas","8":"category-informacion-general","9":"category-pozos","10":"tag-ayuntamiento-de-villa-de-pozos","11":"tag-primer-informe-de-gobierno","12":"tag-san-luis","13":"tag-slp","14":"tag-villa-de-pozos"},"_links":{"self":[{"href":"https:\/\/cronicadesoledad.com\/index.php\/wp-json\/wp\/v2\/posts\/23113","targetHints":{"allow":["GET"]}}],"collection":[{"href":"https:\/\/cronicadesoledad.com\/index.php\/wp-json\/wp\/v2\/posts"}],"about":[{"href":"https:\/\/cronicadesoledad.com\/index.php\/wp-json\/wp\/v2\/types\/post"}],"author":[{"embeddable":true,"href":"https:\/\/cronicadesoledad.com\/index.php\/wp-json\/wp\/v2\/users\/2"}],"replies":[{"embeddable":true,"href":"https:\/\/cronicadesoledad.com\/index.php\/wp-json\/wp\/v2\/comments?post=23113"}],"version-history":[{"count":1,"href":"https:\/\/cronicadesoledad.com\/index.php\/wp-json\/wp\/v2\/posts\/23113\/revisions"}],"predecessor-version":[{"id":23115,"href":"https:\/\/cronicadesoledad.com\/index.php\/wp-json\/wp\/v2\/posts\/23113\/revisions\/23115"}],"wp:featuredmedia":[{"embeddable":true,"href":"https:\/\/cronicadesoledad.com\/index.php\/wp-json\/wp\/v2\/media\/23114"}],"wp:attachment":[{"href":"https:\/\/cronicadesoledad.com\/index.php\/wp-json\/wp\/v2\/media?parent=23113"}],"wp:term":[{"taxonomy":"category","embeddable":true,"href":"https:\/\/cronicadesoledad.com\/index.php\/wp-json\/wp\/v2\/categories?post=23113"},{"taxonomy":"post_tag","embeddable":true,"href":"https:\/\/cronicadesoledad.com\/index.php\/wp-json\/wp\/v2\/tags?post=23113"}],"curies":[{"name":"wp","href":"https:\/\/api.w.org\/{rel}","templated":true}]}}