{"id":23143,"date":"2025-09-22T21:13:00","date_gmt":"2025-09-23T03:13:00","guid":{"rendered":"https:\/\/cronicadesoledad.com\/?p=23143"},"modified":"2025-09-23T00:18:33","modified_gmt":"2025-09-23T06:18:33","slug":"gran-noche-de-lucha-libre-vivieron-familias-soledenses-en-la-plaza-principal","status":"publish","type":"post","link":"https:\/\/cronicadesoledad.com\/index.php\/2025\/09\/22\/gran-noche-de-lucha-libre-vivieron-familias-soledenses-en-la-plaza-principal\/","title":{"rendered":"Gran noche de lucha libre vivieron familias soledenses en la Plaza Principal"},"content":{"rendered":"\n<p>Cientos de familias disfrutaron este domingo de una funci\u00f3n gratuita de <strong>lucha libre<\/strong> en la <strong>Plaza Principal de Soledad de Graciano S\u00e1nchez<\/strong>, en el marco del <strong>D\u00eda Internacional de la Lucha Libre<\/strong>, organizada por el <strong>Ayuntamiento<\/strong>, a trav\u00e9s de la <strong>Coordinaci\u00f3n de Deporte Municipal<\/strong>. Ni\u00f1as, ni\u00f1os, j\u00f3venes y adultos mayores se reunieron en un ambiente 100 por ciento familiar que convirti\u00f3 al centro del municipio en una aut\u00e9ntica fiesta popular.<\/p>\n\n\n\n<p>El evento cont\u00f3 con el respaldo del <strong>Alcalde Juan Manuel Navarro Mu\u00f1iz<\/strong> y la colaboraci\u00f3n de la <strong>Arena Margarita<\/strong>, casa tradicional de la lucha libre potosina. Sobre el cuadril\u00e1tero destacaron figuras de talla nacional: en la lucha estelar, <strong>\u201cEl Elegido\u201d y \u201cDark Ozz\u201d<\/strong> protagonizaron un combate lleno de adrenalina, mientras que la contienda femenil, encabezada por la <strong>\u201cHija de Fuerza Guerrera\u201d<\/strong> junto a luchadoras potosinas, fue ovacionada por el p\u00fablico. La magia tambi\u00e9n lleg\u00f3 con los minis, con la participaci\u00f3n de <strong>\u201cMascarita Sagrada\u201d<\/strong>, que arranc\u00f3 sonrisas y aplausos de los asistentes.<\/p>\n\n\n\n<p>Como parte del programa se disput\u00f3 el <strong>Trofeo del D\u00eda del Luchador<\/strong>, en una batalla campal con m\u00e1s de diez participantes, donde el rudo <strong>\u201cMaldito del Ring\u201d<\/strong> se alz\u00f3 como vencedor, en un combate que emocion\u00f3 a toda la afici\u00f3n. Cada enfrentamiento reafirm\u00f3 que la lucha libre sigue siendo uno de los espect\u00e1culos m\u00e1s queridos y representativos de la cultura mexicana.<\/p>\n\n\n\n<p>El Gobierno Municipal reconoci\u00f3 la coordinaci\u00f3n con la <strong>Direcci\u00f3n de Tr\u00e1nsito Municipal, Fuerzas Municipales<\/strong> y dem\u00e1s \u00e1reas involucradas para garantizar la seguridad y \u00e9xito del evento. Con esta funci\u00f3n, el Ayuntamiento reafirma su compromiso de acercar actividades <strong>deportivas y culturales<\/strong> que fortalezcan la uni\u00f3n familiar y mantengan viva la tradici\u00f3n de la lucha libre en el coraz\u00f3n de Soledad.<\/p>\n","protected":false},"excerpt":{"rendered":"<p>Cientos de familias disfrutaron este domingo de una funci\u00f3n gratuita de lucha libre en la Plaza Principal de Soledad de Graciano S\u00e1nchez, en el marco del D\u00eda Internacional de la Lucha Libre, organizada por el Ayuntamiento, a trav\u00e9s de la Coordinaci\u00f3n de Deporte Municipal. Ni\u00f1as, ni\u00f1os, j\u00f3venes y adultos mayores se reunieron en un ambiente [&hellip;]<\/p>\n","protected":false},"author":2,"featured_media":23144,"comment_status":"open","ping_status":"open","sticky":false,"template":"","format":"standard","meta":{"footnotes":""},"categories":[1,24,21],"tags":[223,1981,271,967,294,261,27],"class_list":{"0":"post-23143","1":"post","2":"type-post","3":"status-publish","4":"format-standard","5":"has-post-thumbnail","7":"category-destacadas","8":"category-informacion-general","9":"category-tu-soledad","10":"tag-ayuntamiento-soledense","11":"tag-cronica-deportiva-2","12":"tag-deporte","13":"tag-lucha-libre","14":"tag-san-luis","15":"tag-slp","16":"tag-soledad"},"_links":{"self":[{"href":"https:\/\/cronicadesoledad.com\/index.php\/wp-json\/wp\/v2\/posts\/23143","targetHints":{"allow":["GET"]}}],"collection":[{"href":"https:\/\/cronicadesoledad.com\/index.php\/wp-json\/wp\/v2\/posts"}],"about":[{"href":"https:\/\/cronicadesoledad.com\/index.php\/wp-json\/wp\/v2\/types\/post"}],"author":[{"embeddable":true,"href":"https:\/\/cronicadesoledad.com\/index.php\/wp-json\/wp\/v2\/users\/2"}],"replies":[{"embeddable":true,"href":"https:\/\/cronicadesoledad.com\/index.php\/wp-json\/wp\/v2\/comments?post=23143"}],"version-history":[{"count":1,"href":"https:\/\/cronicadesoledad.com\/index.php\/wp-json\/wp\/v2\/posts\/23143\/revisions"}],"predecessor-version":[{"id":23145,"href":"https:\/\/cronicadesoledad.com\/index.php\/wp-json\/wp\/v2\/posts\/23143\/revisions\/23145"}],"wp:featuredmedia":[{"embeddable":true,"href":"https:\/\/cronicadesoledad.com\/index.php\/wp-json\/wp\/v2\/media\/23144"}],"wp:attachment":[{"href":"https:\/\/cronicadesoledad.com\/index.php\/wp-json\/wp\/v2\/media?parent=23143"}],"wp:term":[{"taxonomy":"category","embeddable":true,"href":"https:\/\/cronicadesoledad.com\/index.php\/wp-json\/wp\/v2\/categories?post=23143"},{"taxonomy":"post_tag","embeddable":true,"href":"https:\/\/cronicadesoledad.com\/index.php\/wp-json\/wp\/v2\/tags?post=23143"}],"curies":[{"name":"wp","href":"https:\/\/api.w.org\/{rel}","templated":true}]}}