{"id":23209,"date":"2025-09-24T21:02:00","date_gmt":"2025-09-25T03:02:00","guid":{"rendered":"https:\/\/cronicadesoledad.com\/?p=23209"},"modified":"2025-09-25T00:19:02","modified_gmt":"2025-09-25T06:19:02","slug":"a-traves-de-la-feria-de-seguridad-soledad-mantiene-firme-compromiso-de-cercania-con-la-comunidad","status":"publish","type":"post","link":"https:\/\/cronicadesoledad.com\/index.php\/2025\/09\/24\/a-traves-de-la-feria-de-seguridad-soledad-mantiene-firme-compromiso-de-cercania-con-la-comunidad\/","title":{"rendered":"A trav\u00e9s de la Feria de Seguridad, Soledad mantiene firme compromiso de cercan\u00eda con la comunidad"},"content":{"rendered":"\n<p>Con la firme convicci\u00f3n de mantener la cercan\u00eda con las familias de <strong>Soledad de Graciano S\u00e1nchez<\/strong> y siguiendo la encomienda del <strong>Alcalde Juan Manuel Navarro Mu\u00f1iz<\/strong>, diversas \u00e1reas municipales llevaron a cabo este mi\u00e9rcoles la <strong>21\u00aa Feria de Seguridad<\/strong> en la colonia <strong>Valle de San Isidro<\/strong>, donde tambi\u00e9n participaron dependencias estatales y organizaciones sociales para fortalecer la prevenci\u00f3n y la confianza ciudadana.<\/p>\n\n\n\n<p>La feria, realizada en el \u00e1rea recreativa de la calle San Juan, fue recibida con gran entusiasmo por las y los habitantes de este sector, quienes tuvieron la oportunidad de realizar tr\u00e1mites o solicitar servicios sin necesidad de desplazarse hasta la cabecera municipal. El evento se desarroll\u00f3 de 9:30 de la ma\u00f1ana a 1:30 de la tarde y fue impulsado por la <strong>Guardia Civil Municipal<\/strong> en coordinaci\u00f3n con la <strong>Guardia Civil Estatal<\/strong>, con el objetivo de acercar programas, servicios y acciones que fomentan un entorno seguro y de bienestar para la poblaci\u00f3n.<\/p>\n\n\n\n<p>En esta edici\u00f3n participaron \u00e1reas municipales como <strong>Proximidad Social, INAPAM, Unidad de G\u00e9nero, Servicios Municipales, Catastro, Promoci\u00f3n Ciudadana, UAVI, DIF, Desarrollo Urbano, Ecolog\u00eda, Instituto de la Juventud, Educaci\u00f3n, Comercio<\/strong> y la <strong>Instancia Municipal de la Mujer<\/strong>; adem\u00e1s de organismos como la <strong>Sedena, IMSS, cl\u00ednicas de rehabilitaci\u00f3n<\/strong> y diversas <strong>asociaciones civiles<\/strong>.<\/p>\n\n\n\n<p>Con estas acciones, el <strong>Gobierno Municipal de Soledad<\/strong> refrenda su compromiso de escuchar y atender de manera directa a la poblaci\u00f3n, consolidando un modelo de seguridad cercano que se construye con la participaci\u00f3n activa de la comunidad y el respaldo de instituciones que trabajan por el bienestar de las y los soledenses.<\/p>\n","protected":false},"excerpt":{"rendered":"<p>Con la firme convicci\u00f3n de mantener la cercan\u00eda con las familias de Soledad de Graciano S\u00e1nchez y siguiendo la encomienda del Alcalde Juan Manuel Navarro Mu\u00f1iz, diversas \u00e1reas municipales llevaron a cabo este mi\u00e9rcoles la 21\u00aa Feria de Seguridad en la colonia Valle de San Isidro, donde tambi\u00e9n participaron dependencias estatales y organizaciones sociales para [&hellip;]<\/p>\n","protected":false},"author":2,"featured_media":23210,"comment_status":"open","ping_status":"open","sticky":false,"template":"","format":"standard","meta":{"footnotes":""},"categories":[1,24,19,21],"tags":[223,3277,294,276,261,27],"class_list":{"0":"post-23209","1":"post","2":"type-post","3":"status-publish","4":"format-standard","5":"has-post-thumbnail","7":"category-destacadas","8":"category-informacion-general","9":"category-seguridad","10":"category-tu-soledad","11":"tag-ayuntamiento-soledense","12":"tag-feria-de-seguridad","13":"tag-san-luis","14":"tag-seguridad","15":"tag-slp","16":"tag-soledad"},"_links":{"self":[{"href":"https:\/\/cronicadesoledad.com\/index.php\/wp-json\/wp\/v2\/posts\/23209","targetHints":{"allow":["GET"]}}],"collection":[{"href":"https:\/\/cronicadesoledad.com\/index.php\/wp-json\/wp\/v2\/posts"}],"about":[{"href":"https:\/\/cronicadesoledad.com\/index.php\/wp-json\/wp\/v2\/types\/post"}],"author":[{"embeddable":true,"href":"https:\/\/cronicadesoledad.com\/index.php\/wp-json\/wp\/v2\/users\/2"}],"replies":[{"embeddable":true,"href":"https:\/\/cronicadesoledad.com\/index.php\/wp-json\/wp\/v2\/comments?post=23209"}],"version-history":[{"count":1,"href":"https:\/\/cronicadesoledad.com\/index.php\/wp-json\/wp\/v2\/posts\/23209\/revisions"}],"predecessor-version":[{"id":23211,"href":"https:\/\/cronicadesoledad.com\/index.php\/wp-json\/wp\/v2\/posts\/23209\/revisions\/23211"}],"wp:featuredmedia":[{"embeddable":true,"href":"https:\/\/cronicadesoledad.com\/index.php\/wp-json\/wp\/v2\/media\/23210"}],"wp:attachment":[{"href":"https:\/\/cronicadesoledad.com\/index.php\/wp-json\/wp\/v2\/media?parent=23209"}],"wp:term":[{"taxonomy":"category","embeddable":true,"href":"https:\/\/cronicadesoledad.com\/index.php\/wp-json\/wp\/v2\/categories?post=23209"},{"taxonomy":"post_tag","embeddable":true,"href":"https:\/\/cronicadesoledad.com\/index.php\/wp-json\/wp\/v2\/tags?post=23209"}],"curies":[{"name":"wp","href":"https:\/\/api.w.org\/{rel}","templated":true}]}}