{"id":23212,"date":"2025-09-24T21:03:00","date_gmt":"2025-09-25T03:03:00","guid":{"rendered":"https:\/\/cronicadesoledad.com\/?p=23212"},"modified":"2025-09-25T00:19:14","modified_gmt":"2025-09-25T06:19:14","slug":"con-programa-de-concienciacion-y-visita-al-centro-de-reinsercion-social-gobierno-de-soledad-reafirma-apoyo-a-la-juventud","status":"publish","type":"post","link":"https:\/\/cronicadesoledad.com\/index.php\/2025\/09\/24\/con-programa-de-concienciacion-y-visita-al-centro-de-reinsercion-social-gobierno-de-soledad-reafirma-apoyo-a-la-juventud\/","title":{"rendered":"Con programa de concienciaci\u00f3n y visita al Centro de Reinserci\u00f3n Social, Gobierno de Soledad reafirma apoyo a la juventud"},"content":{"rendered":"\n<p>Con el prop\u00f3sito de generar conciencia y fomentar la toma de decisiones responsables entre la juventud, el <strong>Ayuntamiento de Soledad de Graciano S\u00e1nchez<\/strong> contin\u00faa implementando el proyecto <strong>\u201cDesde Adentro\u201d<\/strong> a trav\u00e9s del <strong>Instituto Municipal de la Juventud<\/strong>, el cual consiste en realizar visitas al <strong>Centro de Reinserci\u00f3n Social de La Pila<\/strong>. Este mi\u00e9rcoles, m\u00e1s de 30 estudiantes de nivel medio superior conocieron de cerca los testimonios de personas privadas de la libertad.<\/p>\n\n\n\n<p>Siguiendo la visi\u00f3n del <strong>Alcalde Juan Manuel Navarro Mu\u00f1iz<\/strong>, el programa busca que las y los j\u00f3venes comprendan las consecuencias de las malas decisiones y valoren la educaci\u00f3n, la familia y el esfuerzo personal como bases para construir un futuro s\u00f3lido. Esta experiencia permite que las y los estudiantes reflexionen sobre la importancia de la legalidad y el desarrollo de una vida con principios.<\/p>\n\n\n\n<p><strong>Gerardo Sosa Torres<\/strong>, coordinador del Instituto Municipal de la Juventud, se\u00f1al\u00f3 que la iniciativa fortalece el desarrollo integral de la juventud soledense. \u201cQueremos que las y los j\u00f3venes reconozcan las oportunidades que tienen y aprendan de las experiencias compartidas; adem\u00e1s, las personas privadas de la libertad encuentran en sus relatos una forma de redimirse y aportar a la sociedad\u201d, afirm\u00f3.<\/p>\n\n\n\n<p>Comprometido con trabajar siempre cerca de la poblaci\u00f3n, el <strong>Gobierno Municipal de Soledad de Graciano S\u00e1nchez<\/strong> continuar\u00e1 impulsando programas educativos que formen ciudadanos responsables, consolidando una juventud consciente y preparada para construir una sociedad m\u00e1s justa y con oportunidades para todas y todos.<\/p>\n","protected":false},"excerpt":{"rendered":"<p>Con el prop\u00f3sito de generar conciencia y fomentar la toma de decisiones responsables entre la juventud, el Ayuntamiento de Soledad de Graciano S\u00e1nchez contin\u00faa implementando el proyecto \u201cDesde Adentro\u201d a trav\u00e9s del Instituto Municipal de la Juventud, el cual consiste en realizar visitas al Centro de Reinserci\u00f3n Social de La Pila. Este mi\u00e9rcoles, m\u00e1s de [&hellip;]<\/p>\n","protected":false},"author":2,"featured_media":23213,"comment_status":"open","ping_status":"open","sticky":false,"template":"","format":"standard","meta":{"footnotes":""},"categories":[1,24,19,21],"tags":[223,4843,294,276,261,27],"class_list":{"0":"post-23212","1":"post","2":"type-post","3":"status-publish","4":"format-standard","5":"has-post-thumbnail","7":"category-destacadas","8":"category-informacion-general","9":"category-seguridad","10":"category-tu-soledad","11":"tag-ayuntamiento-soledense","12":"tag-reinsercion-social-2","13":"tag-san-luis","14":"tag-seguridad","15":"tag-slp","16":"tag-soledad"},"_links":{"self":[{"href":"https:\/\/cronicadesoledad.com\/index.php\/wp-json\/wp\/v2\/posts\/23212","targetHints":{"allow":["GET"]}}],"collection":[{"href":"https:\/\/cronicadesoledad.com\/index.php\/wp-json\/wp\/v2\/posts"}],"about":[{"href":"https:\/\/cronicadesoledad.com\/index.php\/wp-json\/wp\/v2\/types\/post"}],"author":[{"embeddable":true,"href":"https:\/\/cronicadesoledad.com\/index.php\/wp-json\/wp\/v2\/users\/2"}],"replies":[{"embeddable":true,"href":"https:\/\/cronicadesoledad.com\/index.php\/wp-json\/wp\/v2\/comments?post=23212"}],"version-history":[{"count":1,"href":"https:\/\/cronicadesoledad.com\/index.php\/wp-json\/wp\/v2\/posts\/23212\/revisions"}],"predecessor-version":[{"id":23214,"href":"https:\/\/cronicadesoledad.com\/index.php\/wp-json\/wp\/v2\/posts\/23212\/revisions\/23214"}],"wp:featuredmedia":[{"embeddable":true,"href":"https:\/\/cronicadesoledad.com\/index.php\/wp-json\/wp\/v2\/media\/23213"}],"wp:attachment":[{"href":"https:\/\/cronicadesoledad.com\/index.php\/wp-json\/wp\/v2\/media?parent=23212"}],"wp:term":[{"taxonomy":"category","embeddable":true,"href":"https:\/\/cronicadesoledad.com\/index.php\/wp-json\/wp\/v2\/categories?post=23212"},{"taxonomy":"post_tag","embeddable":true,"href":"https:\/\/cronicadesoledad.com\/index.php\/wp-json\/wp\/v2\/tags?post=23212"}],"curies":[{"name":"wp","href":"https:\/\/api.w.org\/{rel}","templated":true}]}}