{"id":23218,"date":"2025-09-25T12:00:28","date_gmt":"2025-09-25T18:00:28","guid":{"rendered":"https:\/\/cronicadesoledad.com\/?p=23218"},"modified":"2025-09-25T12:00:28","modified_gmt":"2025-09-25T18:00:28","slug":"mexico-podra-entrar-a-la-economia-digital-hay-inversion","status":"publish","type":"post","link":"https:\/\/cronicadesoledad.com\/index.php\/2025\/09\/25\/mexico-podra-entrar-a-la-economia-digital-hay-inversion\/","title":{"rendered":"M\u00e9xico podr\u00e1 entrar a la econom\u00eda digital, hay inversi\u00f3n"},"content":{"rendered":"\n<p>Directivos de la empresa de tecnolog\u00eda de la informaci\u00f3n CloudHQ en conjunto con el Secretario de Econom\u00eda, Marcelo Luis Ebrard Casaub\u00f3n, anunciaron la inversi\u00f3n de 4,800 millones de d\u00f3lares para infraestructura tecnol\u00f3gica en M\u00e9xico, ya que se crear\u00e1n centros de datos de inteligencia artificial que generar\u00e1 m\u00e1s de 7,000 empleos, que estar\u00e1n dirigidos para garantizar que el pa\u00eds tenga una v\u00eda para participar en la econom\u00eda digital. <\/p>\n\n\n\n<p>Marcelo Ebrard indic\u00f3 que con tal empresa se lograr\u00e1 instalar &#8220;la carretera&#8221; de manera virtual para que la naci\u00f3n pueda participar en este tipo de econom\u00eda. En espec\u00edfico, la infraestructura de CloudHQ permitir\u00e1 interconectar servicios cotidianos y empresariales, desde mensajes y bases de datos hasta aplicaciones de inteligencia artificial, impulsando la transformaci\u00f3n digital y la competitividad econ\u00f3mica de M\u00e9xico, detall\u00f3 el secretario. <\/p>\n\n\n\n<p>Por su parte, Keith Patrick Harney, director de operaciones de CloudHQ, explic\u00f3 que la inversi\u00f3n ser\u00e1 para instalar seis centros en un \u00e1rea de 52 hect\u00e1reas en el estado de Quer\u00e9taro, que albergar\u00e1n datos en la nube y de inteligencia artificial.<\/p>\n","protected":false},"excerpt":{"rendered":"<p>Directivos de la empresa de tecnolog\u00eda de la informaci\u00f3n CloudHQ en conjunto con el Secretario de Econom\u00eda, Marcelo Luis Ebrard Casaub\u00f3n, anunciaron la inversi\u00f3n de 4,800 millones de d\u00f3lares para infraestructura tecnol\u00f3gica en M\u00e9xico, ya que se crear\u00e1n centros de datos de inteligencia artificial que generar\u00e1 m\u00e1s de 7,000 empleos, que estar\u00e1n dirigidos para garantizar [&hellip;]<\/p>\n","protected":false},"author":1,"featured_media":23219,"comment_status":"open","ping_status":"open","sticky":false,"template":"","format":"standard","meta":{"footnotes":""},"categories":[24],"tags":[3357,4844,601,287],"class_list":{"0":"post-23218","1":"post","2":"type-post","3":"status-publish","4":"format-standard","5":"has-post-thumbnail","7":"category-informacion-general","8":"tag-economia-2","9":"tag-economia-digital","10":"tag-inteligencia-artificial","11":"tag-nacional"},"_links":{"self":[{"href":"https:\/\/cronicadesoledad.com\/index.php\/wp-json\/wp\/v2\/posts\/23218","targetHints":{"allow":["GET"]}}],"collection":[{"href":"https:\/\/cronicadesoledad.com\/index.php\/wp-json\/wp\/v2\/posts"}],"about":[{"href":"https:\/\/cronicadesoledad.com\/index.php\/wp-json\/wp\/v2\/types\/post"}],"author":[{"embeddable":true,"href":"https:\/\/cronicadesoledad.com\/index.php\/wp-json\/wp\/v2\/users\/1"}],"replies":[{"embeddable":true,"href":"https:\/\/cronicadesoledad.com\/index.php\/wp-json\/wp\/v2\/comments?post=23218"}],"version-history":[{"count":1,"href":"https:\/\/cronicadesoledad.com\/index.php\/wp-json\/wp\/v2\/posts\/23218\/revisions"}],"predecessor-version":[{"id":23220,"href":"https:\/\/cronicadesoledad.com\/index.php\/wp-json\/wp\/v2\/posts\/23218\/revisions\/23220"}],"wp:featuredmedia":[{"embeddable":true,"href":"https:\/\/cronicadesoledad.com\/index.php\/wp-json\/wp\/v2\/media\/23219"}],"wp:attachment":[{"href":"https:\/\/cronicadesoledad.com\/index.php\/wp-json\/wp\/v2\/media?parent=23218"}],"wp:term":[{"taxonomy":"category","embeddable":true,"href":"https:\/\/cronicadesoledad.com\/index.php\/wp-json\/wp\/v2\/categories?post=23218"},{"taxonomy":"post_tag","embeddable":true,"href":"https:\/\/cronicadesoledad.com\/index.php\/wp-json\/wp\/v2\/tags?post=23218"}],"curies":[{"name":"wp","href":"https:\/\/api.w.org\/{rel}","templated":true}]}}