{"id":23223,"date":"2025-09-25T12:44:57","date_gmt":"2025-09-25T18:44:57","guid":{"rendered":"https:\/\/cronicadesoledad.com\/?p=23223"},"modified":"2025-09-25T12:47:08","modified_gmt":"2025-09-25T18:47:08","slug":"23223","status":"publish","type":"post","link":"https:\/\/cronicadesoledad.com\/index.php\/2025\/09\/25\/23223\/","title":{"rendered":"Vida de polic\u00eda de investigaci\u00f3n est\u00e1 en peligro: abogado"},"content":{"rendered":"\n<p>El abogado Miguel Alfonso Meza, presidente de la organizaci\u00f3n Defensorsxs, inform\u00f3 que la polic\u00eda de investigaci\u00f3n, Rosalinda \u00c1vila acudi\u00f3 a las oficinas de la Comisi\u00f3n Ejecutiva de Atenci\u00f3n a V\u00edctimas (CEAV), en busca de protecci\u00f3n debido a que recibi\u00f3 una demanda, en la cual hay testigos que la acusan, pero estos sujetos son integrantes de un grupo criminal. <\/p>\n\n\n\n<p>Rosalinda denunci\u00f3, de manera legal y p\u00fablicamente durante la selecci\u00f3n de candidatos al Poder Judicial, al excandidato a juez Sabas Santiago Ipi\u00f1a, se\u00f1alandolo de ser participe en una red criminal, adem\u00e1s de su presunta implicaci\u00f3n en el asesinato de los dos hijos de la polic\u00eda de investigaci\u00f3n. Este acto ocasion\u00f3 que el masculino quedar\u00e1 fuera de la boleta electoral 2025.<\/p>\n\n\n\n<p>Derivado del hecho, Santiago Ipi\u00f1a denunci\u00f3 a Rosalinda, raz\u00f3n por la que la mujer tuvo que pedir ayuda ante las autoridades competentes. <\/p>\n\n\n\n<p>Santiago Ipi\u00f1a y Rosalinda eran compa\u00f1eros de trabajo, raz\u00f3n por la que la polic\u00eda de investigaci\u00f3n logr\u00f3 denunciar de delincuencia organizada al masculino mencionado. <\/p>\n","protected":false},"excerpt":{"rendered":"<p>El abogado Miguel Alfonso Meza, presidente de la organizaci\u00f3n Defensorsxs, inform\u00f3 que la polic\u00eda de investigaci\u00f3n, Rosalinda \u00c1vila acudi\u00f3 a las oficinas de la Comisi\u00f3n Ejecutiva de Atenci\u00f3n a V\u00edctimas (CEAV), en busca de protecci\u00f3n debido a que recibi\u00f3 una demanda, en la cual hay testigos que la acusan, pero estos sujetos son integrantes de [&hellip;]<\/p>\n","protected":false},"author":1,"featured_media":23224,"comment_status":"open","ping_status":"open","sticky":false,"template":"","format":"standard","meta":{"footnotes":""},"categories":[1],"tags":[2731,419,276,261],"class_list":{"0":"post-23223","1":"post","2":"type-post","3":"status-publish","4":"format-standard","5":"has-post-thumbnail","7":"category-destacadas","8":"tag-delincuencia-organiazada","9":"tag-poder-judicial","10":"tag-seguridad","11":"tag-slp"},"_links":{"self":[{"href":"https:\/\/cronicadesoledad.com\/index.php\/wp-json\/wp\/v2\/posts\/23223","targetHints":{"allow":["GET"]}}],"collection":[{"href":"https:\/\/cronicadesoledad.com\/index.php\/wp-json\/wp\/v2\/posts"}],"about":[{"href":"https:\/\/cronicadesoledad.com\/index.php\/wp-json\/wp\/v2\/types\/post"}],"author":[{"embeddable":true,"href":"https:\/\/cronicadesoledad.com\/index.php\/wp-json\/wp\/v2\/users\/1"}],"replies":[{"embeddable":true,"href":"https:\/\/cronicadesoledad.com\/index.php\/wp-json\/wp\/v2\/comments?post=23223"}],"version-history":[{"count":2,"href":"https:\/\/cronicadesoledad.com\/index.php\/wp-json\/wp\/v2\/posts\/23223\/revisions"}],"predecessor-version":[{"id":23227,"href":"https:\/\/cronicadesoledad.com\/index.php\/wp-json\/wp\/v2\/posts\/23223\/revisions\/23227"}],"wp:featuredmedia":[{"embeddable":true,"href":"https:\/\/cronicadesoledad.com\/index.php\/wp-json\/wp\/v2\/media\/23224"}],"wp:attachment":[{"href":"https:\/\/cronicadesoledad.com\/index.php\/wp-json\/wp\/v2\/media?parent=23223"}],"wp:term":[{"taxonomy":"category","embeddable":true,"href":"https:\/\/cronicadesoledad.com\/index.php\/wp-json\/wp\/v2\/categories?post=23223"},{"taxonomy":"post_tag","embeddable":true,"href":"https:\/\/cronicadesoledad.com\/index.php\/wp-json\/wp\/v2\/tags?post=23223"}],"curies":[{"name":"wp","href":"https:\/\/api.w.org\/{rel}","templated":true}]}}