{"id":23244,"date":"2025-09-25T14:18:27","date_gmt":"2025-09-25T20:18:27","guid":{"rendered":"https:\/\/cronicadesoledad.com\/?p=23244"},"modified":"2025-09-25T14:18:35","modified_gmt":"2025-09-25T20:18:35","slug":"banxico-recorta-25-puntos-base-la-tasa-de-interes-a-7-50","status":"publish","type":"post","link":"https:\/\/cronicadesoledad.com\/index.php\/2025\/09\/25\/banxico-recorta-25-puntos-base-la-tasa-de-interes-a-7-50\/","title":{"rendered":"Banxico recorta 25 puntos base la tasa de inter\u00e9s a 7.50%"},"content":{"rendered":"\n<p>El Banco de M\u00e9xico (<strong>Banxico<\/strong>) redujo este jueves su tasa de inter\u00e9s clave en 25 puntos b\u00e1sicos, como esperaba el mercado, para llevarla a un nivel de 7.5 por ciento.<\/p>\n\n\n\n<p>El recorte estuvo en l\u00ednea con un sondeo de Reuters y un d\u00eda despu\u00e9s de conocerse que\u00a0la inflaci\u00f3n general aceler\u00f3\u00a0en la primera quincena de septiembre, aunque menos que lo previsto, al ubicarse en un 3.74 por ciento. El \u00edndice subyacente sigui\u00f3 por encima de la meta de la autoridad monetaria al alcanzar un 4.26 por ciento.<\/p>\n\n\n\n<p>Con el movimiento del jueves, el Banxico ha reducido su tasa referencial en 375 puntos base desde principios de 2024 como parte de un ciclo de reajustes despu\u00e9s de haberla llevado a su m\u00e1ximo nivel hist\u00f3rico del 11.25 por ciento.<\/p>\n","protected":false},"excerpt":{"rendered":"<p>El Banco de M\u00e9xico (Banxico) redujo este jueves su tasa de inter\u00e9s clave en 25 puntos b\u00e1sicos, como esperaba el mercado, para llevarla a un nivel de 7.5 por ciento. El recorte estuvo en l\u00ednea con un sondeo de Reuters y un d\u00eda despu\u00e9s de conocerse que\u00a0la inflaci\u00f3n general aceler\u00f3\u00a0en la primera quincena de septiembre, [&hellip;]<\/p>\n","protected":false},"author":1,"featured_media":23245,"comment_status":"open","ping_status":"open","sticky":false,"template":"","format":"standard","meta":{"footnotes":""},"categories":[24],"tags":[287],"class_list":{"0":"post-23244","1":"post","2":"type-post","3":"status-publish","4":"format-standard","5":"has-post-thumbnail","7":"category-informacion-general","8":"tag-nacional"},"_links":{"self":[{"href":"https:\/\/cronicadesoledad.com\/index.php\/wp-json\/wp\/v2\/posts\/23244","targetHints":{"allow":["GET"]}}],"collection":[{"href":"https:\/\/cronicadesoledad.com\/index.php\/wp-json\/wp\/v2\/posts"}],"about":[{"href":"https:\/\/cronicadesoledad.com\/index.php\/wp-json\/wp\/v2\/types\/post"}],"author":[{"embeddable":true,"href":"https:\/\/cronicadesoledad.com\/index.php\/wp-json\/wp\/v2\/users\/1"}],"replies":[{"embeddable":true,"href":"https:\/\/cronicadesoledad.com\/index.php\/wp-json\/wp\/v2\/comments?post=23244"}],"version-history":[{"count":1,"href":"https:\/\/cronicadesoledad.com\/index.php\/wp-json\/wp\/v2\/posts\/23244\/revisions"}],"predecessor-version":[{"id":23246,"href":"https:\/\/cronicadesoledad.com\/index.php\/wp-json\/wp\/v2\/posts\/23244\/revisions\/23246"}],"wp:featuredmedia":[{"embeddable":true,"href":"https:\/\/cronicadesoledad.com\/index.php\/wp-json\/wp\/v2\/media\/23245"}],"wp:attachment":[{"href":"https:\/\/cronicadesoledad.com\/index.php\/wp-json\/wp\/v2\/media?parent=23244"}],"wp:term":[{"taxonomy":"category","embeddable":true,"href":"https:\/\/cronicadesoledad.com\/index.php\/wp-json\/wp\/v2\/categories?post=23244"},{"taxonomy":"post_tag","embeddable":true,"href":"https:\/\/cronicadesoledad.com\/index.php\/wp-json\/wp\/v2\/tags?post=23244"}],"curies":[{"name":"wp","href":"https:\/\/api.w.org\/{rel}","templated":true}]}}