{"id":23255,"date":"2025-09-25T21:02:00","date_gmt":"2025-09-26T03:02:00","guid":{"rendered":"https:\/\/cronicadesoledad.com\/?p=23255"},"modified":"2025-09-26T00:44:48","modified_gmt":"2025-09-26T06:44:48","slug":"seguridad-vial-de-soledad-aplico-operativo-barredora-en-avenida-jose-de-galvez","status":"publish","type":"post","link":"https:\/\/cronicadesoledad.com\/index.php\/2025\/09\/25\/seguridad-vial-de-soledad-aplico-operativo-barredora-en-avenida-jose-de-galvez\/","title":{"rendered":"Seguridad Vial de Soledad aplic\u00f3 operativo \u201cBarredora\u201d en avenida Jos\u00e9 de G\u00e1lvez"},"content":{"rendered":"\n<p>La <strong>Direcci\u00f3n de Seguridad Vial y Movilidad de Soledad de Graciano S\u00e1nchez<\/strong> llev\u00f3 a cabo el operativo \u201cBarredora\u201d sobre la <strong>avenida Jos\u00e9 de G\u00e1lvez<\/strong>, en atenci\u00f3n a reportes ciudadanos relacionados con la obstrucci\u00f3n de espacios p\u00fablicos. La medida consisti\u00f3 en el retiro de objetos colocados para apartar lugares de estacionamiento, pr\u00e1ctica que contraviene lo establecido en el art\u00edculo 37 del <strong>Reglamento de Seguridad Vial municipal<\/strong>, que establece sanciones econ\u00f3micas de hasta 2 mil 200 pesos.<\/p>\n\n\n\n<p>El dispositivo estuvo encabezado por el comandante <strong>Edgar Horacio Obreg\u00f3n Coronado<\/strong>, acompa\u00f1ado de agentes de movilidad y personal de balizamiento, quienes retiraron tambos, conos, cubetas, mofles y llantas que imped\u00edan el libre tr\u00e1nsito y provocaban dobles filas en la zona. El mando vial explic\u00f3 que, si bien en esta ocasi\u00f3n no se aplicaron multas, el objetivo fue <strong>concientizar a comerciantes y vecinos<\/strong> sobre la importancia de respetar la v\u00eda p\u00fablica.<\/p>\n\n\n\n<p>Obreg\u00f3n Coronado detall\u00f3 que, antes del operativo, se realizaron notificaciones y di\u00e1logos con los comerciantes. \u201cAlgunos acataron la indicaci\u00f3n y retiraron los objetos; otros se mostraron inconformes, pero se les explic\u00f3 la sanci\u00f3n correspondiente. En este operativo \u00fanicamente retiramos los obst\u00e1culos sin aplicar sanciones administrativas, aunque los recorridos continuar\u00e1n\u201d, se\u00f1al\u00f3.<\/p>\n\n\n\n<p>Finalmente, la corporaci\u00f3n exhort\u00f3 a la ciudadan\u00eda a <strong>evitar pr\u00e1cticas indebidas y denunciar<\/strong> casos similares. Record\u00f3 que el procedimiento contempla primero una notificaci\u00f3n con plazo de 24 horas; de persistir la falta, se procede al retiro de objetos y, como \u00faltima medida, a la aplicaci\u00f3n de la sanci\u00f3n econ\u00f3mica correspondiente.<\/p>\n","protected":false},"excerpt":{"rendered":"<p>La Direcci\u00f3n de Seguridad Vial y Movilidad de Soledad de Graciano S\u00e1nchez llev\u00f3 a cabo el operativo \u201cBarredora\u201d sobre la avenida Jos\u00e9 de G\u00e1lvez, en atenci\u00f3n a reportes ciudadanos relacionados con la obstrucci\u00f3n de espacios p\u00fablicos. La medida consisti\u00f3 en el retiro de objetos colocados para apartar lugares de estacionamiento, pr\u00e1ctica que contraviene lo establecido [&hellip;]<\/p>\n","protected":false},"author":2,"featured_media":23256,"comment_status":"open","ping_status":"open","sticky":false,"template":"","format":"standard","meta":{"footnotes":""},"categories":[1,24,19,21],"tags":[223,4850,294,276,261,27],"class_list":{"0":"post-23255","1":"post","2":"type-post","3":"status-publish","4":"format-standard","5":"has-post-thumbnail","7":"category-destacadas","8":"category-informacion-general","9":"category-seguridad","10":"category-tu-soledad","11":"tag-ayuntamiento-soledense","12":"tag-barredora","13":"tag-san-luis","14":"tag-seguridad","15":"tag-slp","16":"tag-soledad"},"_links":{"self":[{"href":"https:\/\/cronicadesoledad.com\/index.php\/wp-json\/wp\/v2\/posts\/23255","targetHints":{"allow":["GET"]}}],"collection":[{"href":"https:\/\/cronicadesoledad.com\/index.php\/wp-json\/wp\/v2\/posts"}],"about":[{"href":"https:\/\/cronicadesoledad.com\/index.php\/wp-json\/wp\/v2\/types\/post"}],"author":[{"embeddable":true,"href":"https:\/\/cronicadesoledad.com\/index.php\/wp-json\/wp\/v2\/users\/2"}],"replies":[{"embeddable":true,"href":"https:\/\/cronicadesoledad.com\/index.php\/wp-json\/wp\/v2\/comments?post=23255"}],"version-history":[{"count":1,"href":"https:\/\/cronicadesoledad.com\/index.php\/wp-json\/wp\/v2\/posts\/23255\/revisions"}],"predecessor-version":[{"id":23257,"href":"https:\/\/cronicadesoledad.com\/index.php\/wp-json\/wp\/v2\/posts\/23255\/revisions\/23257"}],"wp:featuredmedia":[{"embeddable":true,"href":"https:\/\/cronicadesoledad.com\/index.php\/wp-json\/wp\/v2\/media\/23256"}],"wp:attachment":[{"href":"https:\/\/cronicadesoledad.com\/index.php\/wp-json\/wp\/v2\/media?parent=23255"}],"wp:term":[{"taxonomy":"category","embeddable":true,"href":"https:\/\/cronicadesoledad.com\/index.php\/wp-json\/wp\/v2\/categories?post=23255"},{"taxonomy":"post_tag","embeddable":true,"href":"https:\/\/cronicadesoledad.com\/index.php\/wp-json\/wp\/v2\/tags?post=23255"}],"curies":[{"name":"wp","href":"https:\/\/api.w.org\/{rel}","templated":true}]}}