{"id":23267,"date":"2025-09-26T12:22:08","date_gmt":"2025-09-26T18:22:08","guid":{"rendered":"https:\/\/cronicadesoledad.com\/?p=23267"},"modified":"2025-09-26T12:23:19","modified_gmt":"2025-09-26T18:23:19","slug":"sheinbaum-sugiere-una-mesa-de-dialogo-con-china-para-abordar-diferencias-comerciales","status":"publish","type":"post","link":"https:\/\/cronicadesoledad.com\/index.php\/2025\/09\/26\/sheinbaum-sugiere-una-mesa-de-dialogo-con-china-para-abordar-diferencias-comerciales\/","title":{"rendered":"Sheinbaum sugiere una mesa de di\u00e1logo con China para abordar diferencias comerciales"},"content":{"rendered":"\n<p>La presidenta de M\u00e9xico, <strong>Claudia Sheinbaum<\/strong>, ha planteado a <strong>China<\/strong> la creaci\u00f3n de una mesa de di\u00e1logo de alto nivel con el fin de discutir las discrepancias comerciales que han surgido entre ambos pa\u00edses. Esta situaci\u00f3n se debe a los <strong>aranceles<\/strong> impuestos por el Gobierno mexicano a naciones que no cuentan con acuerdos comerciales, lo que ha llevado a <strong>Pek\u00edn<\/strong> a iniciar una investigaci\u00f3n sobre estas pol\u00edticas.<\/p>\n\n\n\n<p>&#8220;Estamos proponiendo una mesa de trabajo de alto nivel para poder dialogar&#8221;, declar\u00f3 Sheinbaum durante su conferencia matutina conocida como &#8220;La Ma\u00f1anera del Pueblo&#8221;. La presidenta enfatiz\u00f3 que M\u00e9xico mantiene excelentes relaciones con China y que este di\u00e1logo es esencial para <strong>fortalecer la econom\u00eda<\/strong> del pa\u00eds.<\/p>\n\n\n\n<h4 class=\"wp-block-heading\">Contexto de la investigaci\u00f3n<\/h4>\n\n\n\n<p>El <strong>Ministerio de Comercio de China<\/strong> inici\u00f3 el jueves una indagaci\u00f3n sobre los aranceles y otras medidas comerciales restrictivas que M\u00e9xico ha implementado. Entre las acciones en revisi\u00f3n se encuentran los planes de M\u00e9xico para aumentar los aranceles a productos chinos, incluyendo autom\u00f3viles, piezas, textiles y juguetes, as\u00ed como otras restricciones comerciales y de inversi\u00f3n que han sido aplicadas en a\u00f1os recientes.<\/p>\n\n\n\n<p>La <strong>Secretar\u00eda de Econom\u00eda<\/strong> present\u00f3 la semana pasada un proyecto de ley ante el Congreso que se dirige espec\u00edficamente a pa\u00edses sin acuerdos comerciales con M\u00e9xico, en un contexto de crecientes presiones comerciales por parte de Estados Unidos. Seg\u00fan esta propuesta, los autom\u00f3viles ligeros tendr\u00edan que afrontar un arancel del <strong>50%<\/strong>, en comparaci\u00f3n con el actual rango de entre <strong>15% y 20%<\/strong>.<\/p>\n\n\n\n<p>En una reuni\u00f3n reciente, el secretario de Econom\u00eda, <strong>Marcelo Ebrard<\/strong>, se encontr\u00f3 con el embajador de China, <strong>Daojiang Chen<\/strong>, a quien explic\u00f3 que las medidas comerciales adoptadas &#8220;derivan de un leg\u00edtimo inter\u00e9s nacional y no de presiones externas, ni de un dise\u00f1o con criterio geopol\u00edtico&#8221;.<\/p>\n","protected":false},"excerpt":{"rendered":"<p>La presidenta de M\u00e9xico, Claudia Sheinbaum, ha planteado a China la creaci\u00f3n de una mesa de di\u00e1logo de alto nivel con el fin de discutir las discrepancias comerciales que han surgido entre ambos pa\u00edses. Esta situaci\u00f3n se debe a los aranceles impuestos por el Gobierno mexicano a naciones que no cuentan con acuerdos comerciales, lo [&hellip;]<\/p>\n","protected":false},"author":1,"featured_media":23268,"comment_status":"open","ping_status":"open","sticky":false,"template":"","format":"standard","meta":{"footnotes":""},"categories":[24],"tags":[3193,288,287],"class_list":{"0":"post-23267","1":"post","2":"type-post","3":"status-publish","4":"format-standard","5":"has-post-thumbnail","7":"category-informacion-general","8":"tag-china","9":"tag-internacional","10":"tag-nacional"},"_links":{"self":[{"href":"https:\/\/cronicadesoledad.com\/index.php\/wp-json\/wp\/v2\/posts\/23267","targetHints":{"allow":["GET"]}}],"collection":[{"href":"https:\/\/cronicadesoledad.com\/index.php\/wp-json\/wp\/v2\/posts"}],"about":[{"href":"https:\/\/cronicadesoledad.com\/index.php\/wp-json\/wp\/v2\/types\/post"}],"author":[{"embeddable":true,"href":"https:\/\/cronicadesoledad.com\/index.php\/wp-json\/wp\/v2\/users\/1"}],"replies":[{"embeddable":true,"href":"https:\/\/cronicadesoledad.com\/index.php\/wp-json\/wp\/v2\/comments?post=23267"}],"version-history":[{"count":1,"href":"https:\/\/cronicadesoledad.com\/index.php\/wp-json\/wp\/v2\/posts\/23267\/revisions"}],"predecessor-version":[{"id":23269,"href":"https:\/\/cronicadesoledad.com\/index.php\/wp-json\/wp\/v2\/posts\/23267\/revisions\/23269"}],"wp:featuredmedia":[{"embeddable":true,"href":"https:\/\/cronicadesoledad.com\/index.php\/wp-json\/wp\/v2\/media\/23268"}],"wp:attachment":[{"href":"https:\/\/cronicadesoledad.com\/index.php\/wp-json\/wp\/v2\/media?parent=23267"}],"wp:term":[{"taxonomy":"category","embeddable":true,"href":"https:\/\/cronicadesoledad.com\/index.php\/wp-json\/wp\/v2\/categories?post=23267"},{"taxonomy":"post_tag","embeddable":true,"href":"https:\/\/cronicadesoledad.com\/index.php\/wp-json\/wp\/v2\/tags?post=23267"}],"curies":[{"name":"wp","href":"https:\/\/api.w.org\/{rel}","templated":true}]}}