{"id":23300,"date":"2025-09-29T03:03:00","date_gmt":"2025-09-29T09:03:00","guid":{"rendered":"https:\/\/cronicadesoledad.com\/?p=23300"},"modified":"2025-09-29T00:07:03","modified_gmt":"2025-09-29T06:07:03","slug":"isaac-del-toro-es-top-6-mundial-cala-al-top-mundial-del-ciclismo","status":"publish","type":"post","link":"https:\/\/cronicadesoledad.com\/index.php\/2025\/09\/29\/isaac-del-toro-es-top-6-mundial-cala-al-top-mundial-del-ciclismo\/","title":{"rendered":"Isaac del Toro es top 6 mundial cala al top mundial del ciclismo"},"content":{"rendered":"\n<p>Isaac del Toro se ha consolidado como uno de los ciclistas j\u00f3venes m\u00e1s destacados del pelot\u00f3n internacional, ubic\u00e1ndose en el 6.\u00ba lugar del ranking UCI individual con 4,309 puntos, seg\u00fan la clasificaci\u00f3n oficial vigente. Este posicionamiento lo pone por encima de figuras \u00e9lite y lo reafirma como la m\u00e1xima promesa mexicana en el ciclismo global.<\/p>\n\n\n\n<p>El ascenso de Del Toro no es fortuito: en 2025 ha acumulado triunfos importantes como la Coppa Sabatini \u2014que gan\u00f3 en septiembre, dentro del calendario ProSeries\u2014, as\u00ed como victorias en el Gran Premio Industria y Artigianato de Larciano y la Vuelta a Burgos. Estas actuaciones le han permitido sumar puntos de peso frente a competidores consagrados de Europa.<\/p>\n\n\n\n<p>Las dem\u00e1s clasificaciones tambi\u00e9n reflejan su creciente proyecci\u00f3n. En el ranking UCI WorldTour 2025, Del Toro figura entre los mejores, ocupando un lugar destacado entre los ciclistas de equipos de categor\u00eda m\u00e1xima. Adem\u00e1s, sus resultados en carreras de un d\u00eda y etapas decisivas le otorgan versatilidad como escalador, rodador e incluso sprinter ocasional, lo que a\u00f1ade valor a su perfil competitivo. Este posicionamiento global no solo resalta su talento individual, sino que tambi\u00e9n proyecta al ciclismo mexicano en un nivel internacional m\u00e1s visible. Su presencia entre los mejores del mundo abre el camino para futuras participaciones en Grandes Vueltas y competencias \u00e9lite, mientras sigue acumulando resultados que lo afianzan como una figura de futuro para Am\u00e9rica Latina en el deporte sobre ruedas.<\/p>\n","protected":false},"excerpt":{"rendered":"<p>Isaac del Toro se ha consolidado como uno de los ciclistas j\u00f3venes m\u00e1s destacados del pelot\u00f3n internacional, ubic\u00e1ndose en el 6.\u00ba lugar del ranking UCI individual con 4,309 puntos, seg\u00fan la clasificaci\u00f3n oficial vigente. Este posicionamiento lo pone por encima de figuras \u00e9lite y lo reafirma como la m\u00e1xima promesa mexicana en el ciclismo global. [&hellip;]<\/p>\n","protected":false},"author":2,"featured_media":23301,"comment_status":"open","ping_status":"open","sticky":false,"template":"","format":"standard","meta":{"footnotes":""},"categories":[20,1,24],"tags":[28,288,4345,287,294,261],"class_list":{"0":"post-23300","1":"post","2":"type-post","3":"status-publish","4":"format-standard","5":"has-post-thumbnail","7":"category-cronica-deportiva","8":"category-destacadas","9":"category-informacion-general","10":"tag-ciclismo","11":"tag-internacional","12":"tag-isaac-del-toro","13":"tag-nacional","14":"tag-san-luis","15":"tag-slp"},"_links":{"self":[{"href":"https:\/\/cronicadesoledad.com\/index.php\/wp-json\/wp\/v2\/posts\/23300","targetHints":{"allow":["GET"]}}],"collection":[{"href":"https:\/\/cronicadesoledad.com\/index.php\/wp-json\/wp\/v2\/posts"}],"about":[{"href":"https:\/\/cronicadesoledad.com\/index.php\/wp-json\/wp\/v2\/types\/post"}],"author":[{"embeddable":true,"href":"https:\/\/cronicadesoledad.com\/index.php\/wp-json\/wp\/v2\/users\/2"}],"replies":[{"embeddable":true,"href":"https:\/\/cronicadesoledad.com\/index.php\/wp-json\/wp\/v2\/comments?post=23300"}],"version-history":[{"count":1,"href":"https:\/\/cronicadesoledad.com\/index.php\/wp-json\/wp\/v2\/posts\/23300\/revisions"}],"predecessor-version":[{"id":23302,"href":"https:\/\/cronicadesoledad.com\/index.php\/wp-json\/wp\/v2\/posts\/23300\/revisions\/23302"}],"wp:featuredmedia":[{"embeddable":true,"href":"https:\/\/cronicadesoledad.com\/index.php\/wp-json\/wp\/v2\/media\/23301"}],"wp:attachment":[{"href":"https:\/\/cronicadesoledad.com\/index.php\/wp-json\/wp\/v2\/media?parent=23300"}],"wp:term":[{"taxonomy":"category","embeddable":true,"href":"https:\/\/cronicadesoledad.com\/index.php\/wp-json\/wp\/v2\/categories?post=23300"},{"taxonomy":"post_tag","embeddable":true,"href":"https:\/\/cronicadesoledad.com\/index.php\/wp-json\/wp\/v2\/tags?post=23300"}],"curies":[{"name":"wp","href":"https:\/\/api.w.org\/{rel}","templated":true}]}}