{"id":23317,"date":"2025-09-29T03:09:00","date_gmt":"2025-09-29T09:09:00","guid":{"rendered":"https:\/\/cronicadesoledad.com\/?p=23317"},"modified":"2025-09-29T00:28:45","modified_gmt":"2025-09-29T06:28:45","slug":"en-soledad-se-vive-mejor","status":"publish","type":"post","link":"https:\/\/cronicadesoledad.com\/index.php\/2025\/09\/29\/en-soledad-se-vive-mejor\/","title":{"rendered":"En Soledad se vive mejor"},"content":{"rendered":"\n<p>Hoy lunes 29 de septiembre, el alcalde Juan Manuel Navarro Mu\u00f1iz presentar\u00e1 su Primer Informe de Resultados en el Teatro y Centro Cultural \u201cDoroteo Arango\u201d, a las 10 de la ma\u00f1ana. La ceremonia ser\u00e1 la ocasi\u00f3n para exponer de manera detallada los avances que hoy posicionan a Soledad de Graciano S\u00e1nchez como un municipio con mayores oportunidades, justicia social y un desarrollo integral sin precedentes.<\/p>\n\n\n\n<p>Navarro destac\u00f3 que ser\u00e1 un evento cercano y transparente, en el que se mostrar\u00e1n los logros alcanzados en servicios p\u00fablicos, seguridad, infraestructura urbana y recreativa, as\u00ed como programas sociales que fortalecen la calidad de vida de las familias. El alcalde adelant\u00f3 que la presentaci\u00f3n ser\u00e1 din\u00e1mica, con material audiovisual para que la ciudadan\u00eda conozca de primera mano las acciones realizadas en diversas colonias y los proyectos que vendr\u00e1n en los pr\u00f3ximos meses.<\/p>\n\n\n\n<p>El presidente municipal subray\u00f3 que el gobernador Ricardo Gallardo Cardona ser\u00e1 el invitado de honor, aunque recalc\u00f3 que el reconocimiento principal es para la ciudadan\u00eda, que ha acompa\u00f1ado y validado cada acci\u00f3n emprendida por el Ayuntamiento. \u201cEl mayor invitado especial que tenemos nosotros es nuestro Gobernador y el segundo es toda nuestra gente, que ha palpado los beneficios directos en sus familias, sus comunidades y sus hogares\u201d, expres\u00f3.<\/p>\n\n\n\n<p>La invitaci\u00f3n est\u00e1 abierta a toda la poblaci\u00f3n, tanto para asistir presencialmente como para seguir la transmisi\u00f3n a trav\u00e9s de las redes sociales oficiales del Ayuntamiento. Con ello, se busca garantizar que la rendici\u00f3n de cuentas llegue a todos los sectores, en un ejercicio de apertura y comunicaci\u00f3n con la sociedad soledense.<\/p>\n\n\n\n<p>Con este primer informe, el Gobierno Municipal reafirma su compromiso de trabajar con cercan\u00eda y escuchar las necesidades de la poblaci\u00f3n. Navarro Mu\u00f1iz refrendar\u00e1 la visi\u00f3n de un municipio que avanza con m\u00e1s obras, mejores servicios y nuevas oportunidades, consolidando un modelo de gesti\u00f3n orientado al bienestar colectivo y a elevar los est\u00e1ndares de calidad de vida en Soledad de Graciano S\u00e1nchez.<\/p>\n","protected":false},"excerpt":{"rendered":"<p>Hoy lunes 29 de septiembre, el alcalde Juan Manuel Navarro Mu\u00f1iz presentar\u00e1 su Primer Informe de Resultados en el Teatro y Centro Cultural \u201cDoroteo Arango\u201d, a las 10 de la ma\u00f1ana. La ceremonia ser\u00e1 la ocasi\u00f3n para exponer de manera detallada los avances que hoy posicionan a Soledad de Graciano S\u00e1nchez como un municipio con [&hellip;]<\/p>\n","protected":false},"author":2,"featured_media":23318,"comment_status":"open","ping_status":"open","sticky":false,"template":"","format":"standard","meta":{"footnotes":""},"categories":[1,24,21],"tags":[223,1967,4787,294,261,27],"class_list":{"0":"post-23317","1":"post","2":"type-post","3":"status-publish","4":"format-standard","5":"has-post-thumbnail","7":"category-destacadas","8":"category-informacion-general","9":"category-tu-soledad","10":"tag-ayuntamiento-soledense","11":"tag-juan-manuel-navarro","12":"tag-primer-informe-de-gobierno","13":"tag-san-luis","14":"tag-slp","15":"tag-soledad"},"_links":{"self":[{"href":"https:\/\/cronicadesoledad.com\/index.php\/wp-json\/wp\/v2\/posts\/23317","targetHints":{"allow":["GET"]}}],"collection":[{"href":"https:\/\/cronicadesoledad.com\/index.php\/wp-json\/wp\/v2\/posts"}],"about":[{"href":"https:\/\/cronicadesoledad.com\/index.php\/wp-json\/wp\/v2\/types\/post"}],"author":[{"embeddable":true,"href":"https:\/\/cronicadesoledad.com\/index.php\/wp-json\/wp\/v2\/users\/2"}],"replies":[{"embeddable":true,"href":"https:\/\/cronicadesoledad.com\/index.php\/wp-json\/wp\/v2\/comments?post=23317"}],"version-history":[{"count":1,"href":"https:\/\/cronicadesoledad.com\/index.php\/wp-json\/wp\/v2\/posts\/23317\/revisions"}],"predecessor-version":[{"id":23319,"href":"https:\/\/cronicadesoledad.com\/index.php\/wp-json\/wp\/v2\/posts\/23317\/revisions\/23319"}],"wp:featuredmedia":[{"embeddable":true,"href":"https:\/\/cronicadesoledad.com\/index.php\/wp-json\/wp\/v2\/media\/23318"}],"wp:attachment":[{"href":"https:\/\/cronicadesoledad.com\/index.php\/wp-json\/wp\/v2\/media?parent=23317"}],"wp:term":[{"taxonomy":"category","embeddable":true,"href":"https:\/\/cronicadesoledad.com\/index.php\/wp-json\/wp\/v2\/categories?post=23317"},{"taxonomy":"post_tag","embeddable":true,"href":"https:\/\/cronicadesoledad.com\/index.php\/wp-json\/wp\/v2\/tags?post=23317"}],"curies":[{"name":"wp","href":"https:\/\/api.w.org\/{rel}","templated":true}]}}