{"id":23324,"date":"2025-09-29T12:55:59","date_gmt":"2025-09-29T18:55:59","guid":{"rendered":"https:\/\/cronicadesoledad.com\/?p=23324"},"modified":"2025-09-29T12:55:59","modified_gmt":"2025-09-29T18:55:59","slug":"proteccion-civil-estatal-alerta-por-tormentas-en-las-cuatro-regiones","status":"publish","type":"post","link":"https:\/\/cronicadesoledad.com\/index.php\/2025\/09\/29\/proteccion-civil-estatal-alerta-por-tormentas-en-las-cuatro-regiones\/","title":{"rendered":"PROTECCI\u00d3N CIVIL ESTATAL ALERTA POR TORMENTAS EN LAS CUATRO REGIONES"},"content":{"rendered":"\n<p>La Coordinaci\u00f3n Estatal de Protecci\u00f3n Civil (CEPC) de San Luis Potos\u00ed emite una alerta preventiva a toda la poblaci\u00f3n del estado ante el potencial de tormentas y lluvias intensas en las pr\u00f3ximas horas.<\/p>\n\n\n\n<p>Este fen\u00f3meno es provocado por el ingreso del Frente Fr\u00edo n\u00famero 4, el cual interact\u00faa con altos niveles de humedad, generando condiciones propicias para precipitaciones pluviales en las cuatro regiones de la Entidad.<\/p>\n\n\n\n<p>La CEPC informa que se espera que las tormentas puedan presentarse con actividad el\u00e9ctrica y rachas de viento, por lo que es fundamental tomar precauciones.<\/p>\n\n\n\n<p>La dependencia hace un llamado a la ciudadan\u00eda a mantenerse atenta y a atender puntualmente las recomendaciones emitidas por las autoridades de Protecci\u00f3n Civil de los 59 municipios como: evitar cruzar arroyos o r\u00edos crecidos y zonas inundadas, asegurar objetos que puedan ser lanzados por el viento, limpiar las alcantarillas y desag\u00fces frente a sus hogares para evitar acumulaciones de agua y conducir con extrema precauci\u00f3n ante la posible reducci\u00f3n de visibilidad y el pavimento mojado.<\/p>\n\n\n\n<p>La Coordinaci\u00f3n Estatal de Protecci\u00f3n Civil continuar\u00e1 monitoreando las condiciones meteorol\u00f3gicas y proporcionar\u00e1 actualizaciones a trav\u00e9s de sus canales oficiales.<\/p>\n","protected":false},"excerpt":{"rendered":"<p>La Coordinaci\u00f3n Estatal de Protecci\u00f3n Civil (CEPC) de San Luis Potos\u00ed emite una alerta preventiva a toda la poblaci\u00f3n del estado ante el potencial de tormentas y lluvias intensas en las pr\u00f3ximas horas. Este fen\u00f3meno es provocado por el ingreso del Frente Fr\u00edo n\u00famero 4, el cual interact\u00faa con altos niveles de humedad, generando condiciones [&hellip;]<\/p>\n","protected":false},"author":1,"featured_media":23325,"comment_status":"open","ping_status":"open","sticky":false,"template":"","format":"standard","meta":{"footnotes":""},"categories":[24],"tags":[346,261],"class_list":{"0":"post-23324","1":"post","2":"type-post","3":"status-publish","4":"format-standard","5":"has-post-thumbnail","7":"category-informacion-general","8":"tag-lluvias","9":"tag-slp"},"_links":{"self":[{"href":"https:\/\/cronicadesoledad.com\/index.php\/wp-json\/wp\/v2\/posts\/23324","targetHints":{"allow":["GET"]}}],"collection":[{"href":"https:\/\/cronicadesoledad.com\/index.php\/wp-json\/wp\/v2\/posts"}],"about":[{"href":"https:\/\/cronicadesoledad.com\/index.php\/wp-json\/wp\/v2\/types\/post"}],"author":[{"embeddable":true,"href":"https:\/\/cronicadesoledad.com\/index.php\/wp-json\/wp\/v2\/users\/1"}],"replies":[{"embeddable":true,"href":"https:\/\/cronicadesoledad.com\/index.php\/wp-json\/wp\/v2\/comments?post=23324"}],"version-history":[{"count":1,"href":"https:\/\/cronicadesoledad.com\/index.php\/wp-json\/wp\/v2\/posts\/23324\/revisions"}],"predecessor-version":[{"id":23326,"href":"https:\/\/cronicadesoledad.com\/index.php\/wp-json\/wp\/v2\/posts\/23324\/revisions\/23326"}],"wp:featuredmedia":[{"embeddable":true,"href":"https:\/\/cronicadesoledad.com\/index.php\/wp-json\/wp\/v2\/media\/23325"}],"wp:attachment":[{"href":"https:\/\/cronicadesoledad.com\/index.php\/wp-json\/wp\/v2\/media?parent=23324"}],"wp:term":[{"taxonomy":"category","embeddable":true,"href":"https:\/\/cronicadesoledad.com\/index.php\/wp-json\/wp\/v2\/categories?post=23324"},{"taxonomy":"post_tag","embeddable":true,"href":"https:\/\/cronicadesoledad.com\/index.php\/wp-json\/wp\/v2\/tags?post=23324"}],"curies":[{"name":"wp","href":"https:\/\/api.w.org\/{rel}","templated":true}]}}