{"id":23327,"date":"2025-09-29T13:12:34","date_gmt":"2025-09-29T19:12:34","guid":{"rendered":"https:\/\/cronicadesoledad.com\/?p=23327"},"modified":"2025-09-29T13:13:11","modified_gmt":"2025-09-29T19:13:11","slug":"comercio-municipal-clausura-bar-en-lomas-del-tecnologico-tras-hechos-delictivos","status":"publish","type":"post","link":"https:\/\/cronicadesoledad.com\/index.php\/2025\/09\/29\/comercio-municipal-clausura-bar-en-lomas-del-tecnologico-tras-hechos-delictivos\/","title":{"rendered":"Comercio Municipal clausura bar en Lomas del Tecnol\u00f3gico tras hechos delictivos"},"content":{"rendered":"\n<p>Derivado de los acontecimientos registrados la noche de este domingo en un bar de la colonia Lomas del Tecnol\u00f3gico, donde un individuo dispar\u00f3 en varias ocasiones dentro del lugar tras haber protagonizado una ri\u00f1a, la Direcci\u00f3n de Comercio del Ayuntamiento de San Luis Potos\u00ed determin\u00f3 la clausura inmediata del establecimiento.<\/p>\n\n\n\n<p>Personal de Comercio acudi\u00f3 al sitio junto con elementos de la Secretar\u00eda de Seguridad y Protecci\u00f3n Ciudadana para verificar la operaci\u00f3n del negocio y garantizar la seguridad de las personas en la zona. Como medida de prevenci\u00f3n y ante la comisi\u00f3n de hechos delictivos al interior, se procedi\u00f3 a la clausura del bar.<\/p>\n\n\n\n<p>El cierre se realiz\u00f3 una vez que se dio parte a la Fiscal\u00eda General del Estado, que procedi\u00f3 a realizar los peritajes correspondientes. El Gobierno de la Capital refrend\u00f3 que se vigilar\u00e1 que se act\u00fae con base a la normatividad.<\/p>\n\n\n\n<p><\/p>\n","protected":false},"excerpt":{"rendered":"<p>Derivado de los acontecimientos registrados la noche de este domingo en un bar de la colonia Lomas del Tecnol\u00f3gico, donde un individuo dispar\u00f3 en varias ocasiones dentro del lugar tras haber protagonizado una ri\u00f1a, la Direcci\u00f3n de Comercio del Ayuntamiento de San Luis Potos\u00ed determin\u00f3 la clausura inmediata del establecimiento. Personal de Comercio acudi\u00f3 al [&hellip;]<\/p>\n","protected":false},"author":1,"featured_media":23328,"comment_status":"open","ping_status":"open","sticky":false,"template":"","format":"standard","meta":{"footnotes":""},"categories":[24],"tags":[294,276,261],"class_list":{"0":"post-23327","1":"post","2":"type-post","3":"status-publish","4":"format-standard","5":"has-post-thumbnail","7":"category-informacion-general","8":"tag-san-luis","9":"tag-seguridad","10":"tag-slp"},"_links":{"self":[{"href":"https:\/\/cronicadesoledad.com\/index.php\/wp-json\/wp\/v2\/posts\/23327","targetHints":{"allow":["GET"]}}],"collection":[{"href":"https:\/\/cronicadesoledad.com\/index.php\/wp-json\/wp\/v2\/posts"}],"about":[{"href":"https:\/\/cronicadesoledad.com\/index.php\/wp-json\/wp\/v2\/types\/post"}],"author":[{"embeddable":true,"href":"https:\/\/cronicadesoledad.com\/index.php\/wp-json\/wp\/v2\/users\/1"}],"replies":[{"embeddable":true,"href":"https:\/\/cronicadesoledad.com\/index.php\/wp-json\/wp\/v2\/comments?post=23327"}],"version-history":[{"count":1,"href":"https:\/\/cronicadesoledad.com\/index.php\/wp-json\/wp\/v2\/posts\/23327\/revisions"}],"predecessor-version":[{"id":23329,"href":"https:\/\/cronicadesoledad.com\/index.php\/wp-json\/wp\/v2\/posts\/23327\/revisions\/23329"}],"wp:featuredmedia":[{"embeddable":true,"href":"https:\/\/cronicadesoledad.com\/index.php\/wp-json\/wp\/v2\/media\/23328"}],"wp:attachment":[{"href":"https:\/\/cronicadesoledad.com\/index.php\/wp-json\/wp\/v2\/media?parent=23327"}],"wp:term":[{"taxonomy":"category","embeddable":true,"href":"https:\/\/cronicadesoledad.com\/index.php\/wp-json\/wp\/v2\/categories?post=23327"},{"taxonomy":"post_tag","embeddable":true,"href":"https:\/\/cronicadesoledad.com\/index.php\/wp-json\/wp\/v2\/tags?post=23327"}],"curies":[{"name":"wp","href":"https:\/\/api.w.org\/{rel}","templated":true}]}}