{"id":23389,"date":"2025-09-30T22:25:35","date_gmt":"2025-10-01T04:25:35","guid":{"rendered":"https:\/\/cronicadesoledad.com\/?p=23389"},"modified":"2025-09-30T22:25:36","modified_gmt":"2025-10-01T04:25:36","slug":"incendio-en-bodega-clandestina-de-pirotecnia-deja-tres-lesionados-en-soledad","status":"publish","type":"post","link":"https:\/\/cronicadesoledad.com\/index.php\/2025\/09\/30\/incendio-en-bodega-clandestina-de-pirotecnia-deja-tres-lesionados-en-soledad\/","title":{"rendered":"Incendio en bodega clandestina de pirotecnia deja tres lesionados en Soledad"},"content":{"rendered":"\n<p>Un incendio en una <strong>bodega clandestina de pirotecnia<\/strong> ubicada en la calle <strong>Carlos Diez Guti\u00e9rrez<\/strong>, en el municipio de <strong>Soledad de Graciano S\u00e1nchez<\/strong>, dej\u00f3 como saldo <strong>tres personas lesionadas<\/strong> y el decomiso de una cantidad considerable de material explosivo.<\/p>\n\n\n\n<p>De acuerdo con los primeros reportes, en el inmueble se almacenaban <strong>fuegos artificiales sin autorizaci\u00f3n ni medidas de seguridad<\/strong>. Durante el incidente, un hombre result\u00f3 con <strong>quemaduras de gravedad<\/strong> y fue trasladado al <strong>Hospital Central<\/strong>, mientras que otras dos personas recibieron atenci\u00f3n en el lugar por <strong>lesiones menores<\/strong>.<\/p>\n\n\n\n<p>Elementos de corporaciones estatales y municipales aseguraron <strong>alrededor de 30 kilogramos<\/strong> de material pirot\u00e9cnico. Entre lo decomisado se encontraron <strong>mechas r\u00e1pidas, luces, truenos, artefactos tipo \u201ccakes\u201d<\/strong> y materia prima para la elaboraci\u00f3n de m\u00e1s productos.<\/p>\n\n\n\n<p>Todo el material qued\u00f3 bajo resguardo de la <strong>Guardia Civil Municipal<\/strong> y <strong>Protecci\u00f3n Civil<\/strong>, que iniciaron las acciones correspondientes para determinar responsabilidades y prevenir nuevos incidentes en la zona.<\/p>\n","protected":false},"excerpt":{"rendered":"<p>Un incendio en una bodega clandestina de pirotecnia ubicada en la calle Carlos Diez Guti\u00e9rrez, en el municipio de Soledad de Graciano S\u00e1nchez, dej\u00f3 como saldo tres personas lesionadas y el decomiso de una cantidad considerable de material explosivo. De acuerdo con los primeros reportes, en el inmueble se almacenaban fuegos artificiales sin autorizaci\u00f3n ni [&hellip;]<\/p>\n","protected":false},"author":2,"featured_media":23390,"comment_status":"open","ping_status":"open","sticky":false,"template":"","format":"standard","meta":{"footnotes":""},"categories":[1,24,21],"tags":[223,1313,1114,294,276,261,27],"class_list":{"0":"post-23389","1":"post","2":"type-post","3":"status-publish","4":"format-standard","5":"has-post-thumbnail","7":"category-destacadas","8":"category-informacion-general","9":"category-tu-soledad","10":"tag-ayuntamiento-soledense","11":"tag-incendio","12":"tag-pirotecnia","13":"tag-san-luis","14":"tag-seguridad","15":"tag-slp","16":"tag-soledad"},"_links":{"self":[{"href":"https:\/\/cronicadesoledad.com\/index.php\/wp-json\/wp\/v2\/posts\/23389","targetHints":{"allow":["GET"]}}],"collection":[{"href":"https:\/\/cronicadesoledad.com\/index.php\/wp-json\/wp\/v2\/posts"}],"about":[{"href":"https:\/\/cronicadesoledad.com\/index.php\/wp-json\/wp\/v2\/types\/post"}],"author":[{"embeddable":true,"href":"https:\/\/cronicadesoledad.com\/index.php\/wp-json\/wp\/v2\/users\/2"}],"replies":[{"embeddable":true,"href":"https:\/\/cronicadesoledad.com\/index.php\/wp-json\/wp\/v2\/comments?post=23389"}],"version-history":[{"count":1,"href":"https:\/\/cronicadesoledad.com\/index.php\/wp-json\/wp\/v2\/posts\/23389\/revisions"}],"predecessor-version":[{"id":23391,"href":"https:\/\/cronicadesoledad.com\/index.php\/wp-json\/wp\/v2\/posts\/23389\/revisions\/23391"}],"wp:featuredmedia":[{"embeddable":true,"href":"https:\/\/cronicadesoledad.com\/index.php\/wp-json\/wp\/v2\/media\/23390"}],"wp:attachment":[{"href":"https:\/\/cronicadesoledad.com\/index.php\/wp-json\/wp\/v2\/media?parent=23389"}],"wp:term":[{"taxonomy":"category","embeddable":true,"href":"https:\/\/cronicadesoledad.com\/index.php\/wp-json\/wp\/v2\/categories?post=23389"},{"taxonomy":"post_tag","embeddable":true,"href":"https:\/\/cronicadesoledad.com\/index.php\/wp-json\/wp\/v2\/tags?post=23389"}],"curies":[{"name":"wp","href":"https:\/\/api.w.org\/{rel}","templated":true}]}}