{"id":23392,"date":"2025-10-01T12:22:07","date_gmt":"2025-10-01T18:22:07","guid":{"rendered":"https:\/\/cronicadesoledad.com\/?p=23392"},"modified":"2025-10-01T12:22:09","modified_gmt":"2025-10-01T18:22:09","slug":"sheinbaum-aseguro-que-buscara-la-eliminacion-del-fuero","status":"publish","type":"post","link":"https:\/\/cronicadesoledad.com\/index.php\/2025\/10\/01\/sheinbaum-aseguro-que-buscara-la-eliminacion-del-fuero\/","title":{"rendered":"Sheinbaum asegur\u00f3 que buscar\u00e1 la eliminaci\u00f3n del fuero"},"content":{"rendered":"\n<p>Ciudad de M\u00e9xico. &#8211; La presidenta Claudia Sheinbaum Pardo asegur\u00f3 que se presentar\u00e1 ante la Comisi\u00f3n Presidencial para la Reforma Electoral para pedir a los legisladores la abolici\u00f3n del fuero, iniciativa que podr\u00eda ser presentada en Febrero. <\/p>\n\n\n\n<p>Actualmente, el fuero es otorgado a los legisladores federales, recurso legal con el que se privilegia a estos funcionarios p\u00fablicos, pues, les niega el derecho a ser juzgados, y por consecuencia a ser castigados, por realizar desv\u00edos de recursos y variedad de delitos que se proh\u00edben. <\/p>\n\n\n\n<p>La mandataria dijo que se presentar\u00e1 ante la autoridad legislativa para dar a conocer sus ideas para atender la reforma y poder abolir este privilegio a funcionarios p\u00fablicos. <\/p>\n","protected":false},"excerpt":{"rendered":"<p>Ciudad de M\u00e9xico. &#8211; La presidenta Claudia Sheinbaum Pardo asegur\u00f3 que se presentar\u00e1 ante la Comisi\u00f3n Presidencial para la Reforma Electoral para pedir a los legisladores la abolici\u00f3n del fuero, iniciativa que podr\u00eda ser presentada en Febrero. Actualmente, el fuero es otorgado a los legisladores federales, recurso legal con el que se privilegia a estos [&hellip;]<\/p>\n","protected":false},"author":1,"featured_media":23393,"comment_status":"open","ping_status":"open","sticky":false,"template":"","format":"standard","meta":{"footnotes":""},"categories":[1,24],"tags":[4333,4848,4864,287],"class_list":{"0":"post-23392","1":"post","2":"type-post","3":"status-publish","4":"format-standard","5":"has-post-thumbnail","7":"category-destacadas","8":"category-informacion-general","9":"tag-claudia-sheinbaum-pardo","10":"tag-congreso-de-la-union","11":"tag-fuero","12":"tag-nacional"},"_links":{"self":[{"href":"https:\/\/cronicadesoledad.com\/index.php\/wp-json\/wp\/v2\/posts\/23392","targetHints":{"allow":["GET"]}}],"collection":[{"href":"https:\/\/cronicadesoledad.com\/index.php\/wp-json\/wp\/v2\/posts"}],"about":[{"href":"https:\/\/cronicadesoledad.com\/index.php\/wp-json\/wp\/v2\/types\/post"}],"author":[{"embeddable":true,"href":"https:\/\/cronicadesoledad.com\/index.php\/wp-json\/wp\/v2\/users\/1"}],"replies":[{"embeddable":true,"href":"https:\/\/cronicadesoledad.com\/index.php\/wp-json\/wp\/v2\/comments?post=23392"}],"version-history":[{"count":1,"href":"https:\/\/cronicadesoledad.com\/index.php\/wp-json\/wp\/v2\/posts\/23392\/revisions"}],"predecessor-version":[{"id":23394,"href":"https:\/\/cronicadesoledad.com\/index.php\/wp-json\/wp\/v2\/posts\/23392\/revisions\/23394"}],"wp:featuredmedia":[{"embeddable":true,"href":"https:\/\/cronicadesoledad.com\/index.php\/wp-json\/wp\/v2\/media\/23393"}],"wp:attachment":[{"href":"https:\/\/cronicadesoledad.com\/index.php\/wp-json\/wp\/v2\/media?parent=23392"}],"wp:term":[{"taxonomy":"category","embeddable":true,"href":"https:\/\/cronicadesoledad.com\/index.php\/wp-json\/wp\/v2\/categories?post=23392"},{"taxonomy":"post_tag","embeddable":true,"href":"https:\/\/cronicadesoledad.com\/index.php\/wp-json\/wp\/v2\/tags?post=23392"}],"curies":[{"name":"wp","href":"https:\/\/api.w.org\/{rel}","templated":true}]}}