{"id":23404,"date":"2025-10-01T14:14:10","date_gmt":"2025-10-01T20:14:10","guid":{"rendered":"https:\/\/cronicadesoledad.com\/?p=23404"},"modified":"2025-10-01T14:16:33","modified_gmt":"2025-10-01T20:16:33","slug":"se-van-a-huelga-trabajadores-de-nacional-monte-de-piedad","status":"publish","type":"post","link":"https:\/\/cronicadesoledad.com\/index.php\/2025\/10\/01\/se-van-a-huelga-trabajadores-de-nacional-monte-de-piedad\/","title":{"rendered":"Se van a huelga trabajadores de Nacional Monte de Piedad"},"content":{"rendered":"\n<p>Las y los trabajadores del&nbsp;Nacional Monte de Piedad iniciaron este 1 de octubre un paro de actividades; denuncian&nbsp;<strong>violaciones al contrato colectivo de trabajo<\/strong>.<\/p>\n\n\n\n<p>En un comunicado, el Sindicato se\u00f1al\u00f3 que los responsables de la administraci\u00f3n del personal&nbsp;<strong>cancelaron derechos elementales del personal<\/strong>:<\/p>\n\n\n\n<p>\u201cMediante una&nbsp;<strong>pol\u00edtica de acoso constante a las trabajadoras<\/strong>&nbsp;y trabajadores, oblig\u00e1ndolos a laborar jornadas extenuantes, priv\u00e1ndolos de derechos tan elementales como la media hora de comida establecida en la ley\u201d.<\/p>\n\n\n\n<p>En redes sociales, la&nbsp;instituci\u00f3n confirm\u00f3 la suspensi\u00f3n de sus actividades&nbsp;y comparti\u00f3 recomendaciones a los clientes, quienes tienen prendas empe\u00f1adas y deben cumplir con fechas de pago.<\/p>\n\n\n\n<h2 class=\"wp-block-heading\">\u00bfQu\u00e9 pasar\u00e1 con los objetos empe\u00f1ados?<\/h2>\n\n\n\n<p>Nacional Monte de Piedad&nbsp;detall\u00f3 que mientras dure la suspensi\u00f3n por la huelga, los usuarios tienen varias opciones para&nbsp;<strong>hacer sus pagos y reiter\u00f3<\/strong>&nbsp;que&nbsp;<strong>sus prendas est\u00e1n resguardadas y seguras<\/strong>.<\/p>\n\n\n\n<p>oncluyeran y se lograra un acuerdo.<\/p>\n\n\n\n<h2 class=\"wp-block-heading\">\u00bfQu\u00e9 pasar\u00e1 con los objetos empe\u00f1ados?<\/h2>\n\n\n\n<p>Nacional Monte de Piedad\u00a0detall\u00f3 que mientras dure la suspensi\u00f3n por la huelga, los usuarios tienen varias opciones para\u00a0<strong>hacer sus pagos y reiter\u00f3<\/strong>\u00a0que\u00a0<strong>sus prendas est\u00e1n resguardadas y seguras<\/strong>.<\/p>\n\n\n\n<p><a href=\"https:\/\/www.elfinanciero.com.mx\/mis-finanzas\/2022\/04\/14\/necesitas-un-dinerito-nacional-monte-de-piedad-otorga-prestamos-de-hasta-150-mil-pesos\/\"><\/a><a href=\"https:\/\/www.elfinanciero.com.mx\/mis-finanzas\/2022\/04\/14\/necesitas-un-dinerito-nacional-monte-de-piedad-otorga-prestamos-de-hasta-150-mil-pesos\/\"><\/a>Por el lado de los pagos del empe\u00f1o, indic\u00f3 que se tienen varias opciones: se pueden realizar en l\u00ednea (<strong>Mi Monte Web y Mi Monte App), en Banamex, tiendas OXXO o SPEI<\/strong>.<\/p>\n\n\n\n<p>\u201cSus art\u00edculos se mantendr\u00e1n seguros en las b\u00f3vedas de nuestras sucursales durante los d\u00edas de suspensi\u00f3n del servicio. La prenda podr\u00e1 recuperarse una vez reiniciadas las operaciones en sucursales\u201d, inform\u00f3 el Monte de Piedad.<\/p>\n\n\n\n<p><a href=\"https:\/\/www.elfinanciero.com.mx\/mis-finanzas\/2022\/04\/14\/necesitas-un-dinerito-nacional-monte-de-piedad-otorga-prestamos-de-hasta-150-mil-pesos\/\"><\/a><\/p>\n","protected":false},"excerpt":{"rendered":"<p>Las y los trabajadores del&nbsp;Nacional Monte de Piedad iniciaron este 1 de octubre un paro de actividades; denuncian&nbsp;violaciones al contrato colectivo de trabajo. En un comunicado, el Sindicato se\u00f1al\u00f3 que los responsables de la administraci\u00f3n del personal&nbsp;cancelaron derechos elementales del personal: \u201cMediante una&nbsp;pol\u00edtica de acoso constante a las trabajadoras&nbsp;y trabajadores, oblig\u00e1ndolos a laborar jornadas extenuantes, [&hellip;]<\/p>\n","protected":false},"author":1,"featured_media":23408,"comment_status":"open","ping_status":"open","sticky":false,"template":"","format":"standard","meta":{"footnotes":""},"categories":[24],"tags":[4867,287,261],"class_list":{"0":"post-23404","1":"post","2":"type-post","3":"status-publish","4":"format-standard","5":"has-post-thumbnail","7":"category-informacion-general","8":"tag-huelga-en-nacional-monte-de-piedad","9":"tag-nacional","10":"tag-slp"},"_links":{"self":[{"href":"https:\/\/cronicadesoledad.com\/index.php\/wp-json\/wp\/v2\/posts\/23404","targetHints":{"allow":["GET"]}}],"collection":[{"href":"https:\/\/cronicadesoledad.com\/index.php\/wp-json\/wp\/v2\/posts"}],"about":[{"href":"https:\/\/cronicadesoledad.com\/index.php\/wp-json\/wp\/v2\/types\/post"}],"author":[{"embeddable":true,"href":"https:\/\/cronicadesoledad.com\/index.php\/wp-json\/wp\/v2\/users\/1"}],"replies":[{"embeddable":true,"href":"https:\/\/cronicadesoledad.com\/index.php\/wp-json\/wp\/v2\/comments?post=23404"}],"version-history":[{"count":3,"href":"https:\/\/cronicadesoledad.com\/index.php\/wp-json\/wp\/v2\/posts\/23404\/revisions"}],"predecessor-version":[{"id":23411,"href":"https:\/\/cronicadesoledad.com\/index.php\/wp-json\/wp\/v2\/posts\/23404\/revisions\/23411"}],"wp:featuredmedia":[{"embeddable":true,"href":"https:\/\/cronicadesoledad.com\/index.php\/wp-json\/wp\/v2\/media\/23408"}],"wp:attachment":[{"href":"https:\/\/cronicadesoledad.com\/index.php\/wp-json\/wp\/v2\/media?parent=23404"}],"wp:term":[{"taxonomy":"category","embeddable":true,"href":"https:\/\/cronicadesoledad.com\/index.php\/wp-json\/wp\/v2\/categories?post=23404"},{"taxonomy":"post_tag","embeddable":true,"href":"https:\/\/cronicadesoledad.com\/index.php\/wp-json\/wp\/v2\/tags?post=23404"}],"curies":[{"name":"wp","href":"https:\/\/api.w.org\/{rel}","templated":true}]}}