{"id":23430,"date":"2025-10-02T12:54:33","date_gmt":"2025-10-02T18:54:33","guid":{"rendered":"https:\/\/cronicadesoledad.com\/?p=23430"},"modified":"2025-10-02T12:54:35","modified_gmt":"2025-10-02T18:54:35","slug":"senado-aprueba-reforma-a-ley-de-amparo-con-modificaciones","status":"publish","type":"post","link":"https:\/\/cronicadesoledad.com\/index.php\/2025\/10\/02\/senado-aprueba-reforma-a-ley-de-amparo-con-modificaciones\/","title":{"rendered":"Senado aprueba reforma a Ley de Amparo con modificaciones"},"content":{"rendered":"\n<p>Durante la noche del primero de octubre, el Senado de la Republica aprob\u00f3 con modificaciones la Ley de Amparo, esto, con 76 votos a favor, provenientes del oficialismo, y 39 sufragios en contra, pertenecientes a los senadores de PAN, PRI y MC. Derivado de los cambios, se remiti\u00f3 a la C\u00e1mara de Diputados para su revisi\u00f3n y pr\u00f3xima ratificaci\u00f3n.  <\/p>\n\n\n\n<p>Durante la sesi\u00f3n, se perfilaba la adici\u00f3n de una reserva al articulo segundo transitorio para precisar que &#8220;Los asuntos que se encuentren en tr\u00e1mite a la entrada en vigor del presente Decreto, continuaran tramit\u00e1ndose hasta su resoluci\u00f3n final conforme a las disposiciones que establece este Decreto&#8221;, propuesta por el Morenista Manuel Huerta.<\/p>\n\n\n\n<p>La priista Carolina Viggiano advirti\u00f3 que tal adici\u00f3n es violatoria del articulo 14 de la Constituci\u00f3n y &#8220;hace esta ley retroactiva&#8221;.<\/p>\n\n\n\n<p>Javier Corral Jurado neg\u00f3 que los cambios hechos a la iniciativa presentada por la presidenta Claudia Sheinbaum Pardo sea producto de un tramite cerrado, pues se socializo con personal especializado. <\/p>\n","protected":false},"excerpt":{"rendered":"<p>Durante la noche del primero de octubre, el Senado de la Republica aprob\u00f3 con modificaciones la Ley de Amparo, esto, con 76 votos a favor, provenientes del oficialismo, y 39 sufragios en contra, pertenecientes a los senadores de PAN, PRI y MC. Derivado de los cambios, se remiti\u00f3 a la C\u00e1mara de Diputados para su [&hellip;]<\/p>\n","protected":false},"author":1,"featured_media":23431,"comment_status":"open","ping_status":"open","sticky":false,"template":"","format":"standard","meta":{"footnotes":""},"categories":[24],"tags":[4870,287,261],"class_list":{"0":"post-23430","1":"post","2":"type-post","3":"status-publish","4":"format-standard","5":"has-post-thumbnail","7":"category-informacion-general","8":"tag-ley-de-amparo","9":"tag-nacional","10":"tag-slp"},"_links":{"self":[{"href":"https:\/\/cronicadesoledad.com\/index.php\/wp-json\/wp\/v2\/posts\/23430","targetHints":{"allow":["GET"]}}],"collection":[{"href":"https:\/\/cronicadesoledad.com\/index.php\/wp-json\/wp\/v2\/posts"}],"about":[{"href":"https:\/\/cronicadesoledad.com\/index.php\/wp-json\/wp\/v2\/types\/post"}],"author":[{"embeddable":true,"href":"https:\/\/cronicadesoledad.com\/index.php\/wp-json\/wp\/v2\/users\/1"}],"replies":[{"embeddable":true,"href":"https:\/\/cronicadesoledad.com\/index.php\/wp-json\/wp\/v2\/comments?post=23430"}],"version-history":[{"count":1,"href":"https:\/\/cronicadesoledad.com\/index.php\/wp-json\/wp\/v2\/posts\/23430\/revisions"}],"predecessor-version":[{"id":23432,"href":"https:\/\/cronicadesoledad.com\/index.php\/wp-json\/wp\/v2\/posts\/23430\/revisions\/23432"}],"wp:featuredmedia":[{"embeddable":true,"href":"https:\/\/cronicadesoledad.com\/index.php\/wp-json\/wp\/v2\/media\/23431"}],"wp:attachment":[{"href":"https:\/\/cronicadesoledad.com\/index.php\/wp-json\/wp\/v2\/media?parent=23430"}],"wp:term":[{"taxonomy":"category","embeddable":true,"href":"https:\/\/cronicadesoledad.com\/index.php\/wp-json\/wp\/v2\/categories?post=23430"},{"taxonomy":"post_tag","embeddable":true,"href":"https:\/\/cronicadesoledad.com\/index.php\/wp-json\/wp\/v2\/tags?post=23430"}],"curies":[{"name":"wp","href":"https:\/\/api.w.org\/{rel}","templated":true}]}}